{"id":298,"date":"2024-04-04T17:05:34","date_gmt":"2024-04-04T15:05:34","guid":{"rendered":"https:\/\/www.ebiler.dk\/da-dk\/?p=298"},"modified":"2024-04-04T17:05:34","modified_gmt":"2024-04-04T15:05:34","slug":"elektrisk-sportsvogn-hyundai-ioniq-5-n-er-kaaret-til-world-performance-car-2024","status":"publish","type":"post","link":"https:\/\/www.ebiler.dk\/da-dk\/nyheder\/hyundai\/elektrisk-sportsvogn-hyundai-ioniq-5-n-er-kaaret-til-world-performance-car-2024\/298\/","title":{"rendered":"Elektrisk sportsvogn: Hyundai IONIQ 5 N er k\u00e5ret til World Performance Car 2024"},"content":{"rendered":"<p>Hyundai har tidligere markeret sig ved World Car Awards med stor succes. I 2022 blev IONIQ 5 k\u00e5ret i hele tre kategorier: World Car of the Year 2022, World Electric Vehicle 2022 samt World Car Design 2022.<\/p>\n<p>\u00c5ret efter gentog IONIQ 6 triumfen ved at blive k\u00e5ret som World Car of the Year 2023. Og ved dette \u00e5rs World Car Awards k\u00f8rte den vilde og fuldt elektriske IONIQ 5 N med titlen som Word Performance Car 2024.<\/p>\n<p>IONIQ 5 N er den f\u00f8rste elektriske N-model fra Hyundai, der med sin enest\u00e5ende kraft s\u00e6tter nye standarder for elektriske sportsvogne.<\/p>\n<p><img loading=\"lazy\" decoding=\"async\" src=\"https:\/\/www.ebiler.dk\/da-dk\/wp-content\/uploads\/2024\/04\/hyundai-ioniq-5-n_2.jpg\" alt=\"\" width=\"1260\" height=\"840\" class=\"alignnone size-full wp-image-300\" srcset=\"https:\/\/www.ebiler.dk\/da-dk\/wp-content\/uploads\/2024\/04\/hyundai-ioniq-5-n_2.jpg 1260w, https:\/\/www.ebiler.dk\/da-dk\/wp-content\/uploads\/2024\/04\/hyundai-ioniq-5-n_2-300x200.jpg 300w, https:\/\/www.ebiler.dk\/da-dk\/wp-content\/uploads\/2024\/04\/hyundai-ioniq-5-n_2-1024x683.jpg 1024w, https:\/\/www.ebiler.dk\/da-dk\/wp-content\/uploads\/2024\/04\/hyundai-ioniq-5-n_2-768x512.jpg 768w\" sizes=\"auto, (max-width: 1260px) 100vw, 1260px\" \/><\/p>\n<p>Med to elmotorer kan den levere op til 650 hk, og s\u00e5 kan den accelerere fra 0-100 p\u00e5 blot 3,4 sekunder.<\/p>\n<p>Udover sin imponerende pr\u00e6station, lyd og respons, leverer den ogs\u00e5 en behagelig k\u00f8reoplevelse i hverdagen.<\/p>\n<p>World Car Awards afholdes hvert \u00e5r og er verdens st\u00f8rste og mest prestigefyldte prisuddeling for nye biler.<\/p>\n<p><img loading=\"lazy\" decoding=\"async\" src=\"https:\/\/www.ebiler.dk\/da-dk\/wp-content\/uploads\/2024\/04\/hyundai-ioniq-5-n_3.jpg\" alt=\"\" width=\"1260\" height=\"840\" class=\"alignnone size-full wp-image-301\" srcset=\"https:\/\/www.ebiler.dk\/da-dk\/wp-content\/uploads\/2024\/04\/hyundai-ioniq-5-n_3.jpg 1260w, https:\/\/www.ebiler.dk\/da-dk\/wp-content\/uploads\/2024\/04\/hyundai-ioniq-5-n_3-300x200.jpg 300w, https:\/\/www.ebiler.dk\/da-dk\/wp-content\/uploads\/2024\/04\/hyundai-ioniq-5-n_3-1024x683.jpg 1024w, https:\/\/www.ebiler.dk\/da-dk\/wp-content\/uploads\/2024\/04\/hyundai-ioniq-5-n_3-768x512.jpg 768w\" sizes=\"auto, (max-width: 1260px) 100vw, 1260px\" \/><\/p>\n<p>Anerkendelsen blev offentliggjort ved en prisuddeling under New York International Auto Show.<\/p>\n<p>Over 100 motorjournalister fra forskellige dele af verden har testet de nominerede biler grundigt og efterf\u00f8lgende afgivet deres stemme.<\/p>\n","protected":false},"excerpt":{"rendered":"Elbilen IONIQ 5 N vinder ved dette \u00e5rs World Car Awards 2024. Dermed er det tredje \u00e5r i tr\u00e6k, at Hyundai vinder ved World Car Awards.\n","protected":false},"author":2,"featured_media":299,"comment_status":"closed","ping_status":"open","sticky":false,"template":"","format":"standard","meta":{"footnotes":""},"categories":[9],"tags":[],"class_list":{"0":"post-298","1":"post","2":"type-post","3":"status-publish","4":"format-standard","5":"has-post-thumbnail","7":"category-hyundai","8":"cs-entry","9":"cs-video-wrap"},"_links":{"self":[{"href":"https:\/\/www.ebiler.dk\/da-dk\/wp-json\/wp\/v2\/posts\/298","targetHints":{"allow":["GET"]}}],"collection":[{"href":"https:\/\/www.ebiler.dk\/da-dk\/wp-json\/wp\/v2\/posts"}],"about":[{"href":"https:\/\/www.ebiler.dk\/da-dk\/wp-json\/wp\/v2\/types\/post"}],"author":[{"embeddable":true,"href":"https:\/\/www.ebiler.dk\/da-dk\/wp-json\/wp\/v2\/users\/2"}],"replies":[{"embeddable":true,"href":"https:\/\/www.ebiler.dk\/da-dk\/wp-json\/wp\/v2\/comments?post=298"}],"version-history":[{"count":0,"href":"https:\/\/www.ebiler.dk\/da-dk\/wp-json\/wp\/v2\/posts\/298\/revisions"}],"wp:featuredmedia":[{"embeddable":true,"href":"https:\/\/www.ebiler.dk\/da-dk\/wp-json\/wp\/v2\/media\/299"}],"wp:attachment":[{"href":"https:\/\/www.ebiler.dk\/da-dk\/wp-json\/wp\/v2\/media?parent=298"}],"wp:term":[{"taxonomy":"category","embeddable":true,"href":"https:\/\/www.ebiler.dk\/da-dk\/wp-json\/wp\/v2\/categories?post=298"},{"taxonomy":"post_tag","embeddable":true,"href":"https:\/\/www.ebiler.dk\/da-dk\/wp-json\/wp\/v2\/tags?post=298"}],"curies":[{"name":"wp","href":"https:\/\/api.w.org\/{rel}","templated":true}]}}