{"id":356,"date":"2024-04-06T11:43:03","date_gmt":"2024-04-06T09:43:03","guid":{"rendered":"https:\/\/www.ebiler.dk\/da-dk\/?p=356"},"modified":"2024-04-06T11:43:03","modified_gmt":"2024-04-06T09:43:03","slug":"oplev-3-helt-unikke-bmw-art-cars-i-danmark","status":"publish","type":"post","link":"https:\/\/www.ebiler.dk\/da-dk\/nyheder\/bmw\/oplev-3-helt-unikke-bmw-art-cars-i-danmark\/356\/","title":{"rendered":"Oplev 3 helt unikke BMW Art Cars i Danmark"},"content":{"rendered":"<p>\u201dBMW Art Cars er mere end bare biler \u2013 de er kunstv\u00e6rker p\u00e5 hjul, der bringer BMW&#8217;s passion for innovation, design og k\u00f8regl\u00e6de til live\u201d, siger Corporate Communications Manager Mette B\u00f8geskov Lolholm. \u201dAt bringe disse unikke biler til Danmark for allerf\u00f8rste gang er en fantastisk mulighed for at dele BMW\u2019s historie og dedikation til kunst og kultur med danskerne. Alle tre biler har deltaget i det legendariske 24-timers l\u00f8b p\u00e5 Le Mans, hvor BMW i \u00e5r igen indtr\u00e6der med den n\u00e6ste BMW Art Car \u2013 den tyvende i r\u00e6kken, som er designet af den internationalt anerkendte kunstner Julie Mehretu\u201d.<\/p>\n<p>Hver bil er et kunstv\u00e6rk i sig selv, som repr\u00e6senterer forskellige perioder i BMW\u2019s historie og er udvalgt efter deres spektakul\u00e6re design og kunstneriske vision \u2013 alle med en reference til motorsport:<\/p>\n<ul>\n<li>#1 BMW 3.0 CSL fra 1975 af Alexander Calder<\/li>\n<li>#4 BMW M1 fra 1979 af Andy Warhol<\/li>\n<li>#17 BMW M3 GT2 fra 2010 af Jeff Koons<\/li>\n<\/ul>\n<h3 id=\"oplev-de-unikke-biler-i-aarhus-og-lyngby\">Oplev de unikke biler i Aarhus og Lyngby<\/h3>\n<p>27.\u201328. april 2024: <a href=\"https:\/\/www.bag.dk\/bmw\/bmw-art-cars-i-aarhus\" target=\"_blank\" rel=\"nofollow noopener\">Bayern AutoGroup<\/a> i Aarhus, Blomstervej 4A, 8210 Aarhus<\/p>\n<p>4.\u20135. maj 2024: <a href=\"https:\/\/art-nordic.dk\/artexperience-2024-50-nordiske-talenter-udstiller-med-bmw-art-cars\/\" target=\"_blank\" rel=\"nofollow noopener\">Jan Nygaard i Lyngby<\/a>, Firskovvej 33, 2800 Kgs. Lyngby<\/p>\n<p>(i forbindelse med kunstudstillingen ArtExperience 2024 \u2013 kr\u00e6ver entr\u00e9)<\/p>\n<figure id=\"attachment_366\" aria-describedby=\"caption-attachment-366\" style=\"width: 1260px\" class=\"wp-caption alignnone\"><img loading=\"lazy\" decoding=\"async\" src=\"https:\/\/www.ebiler.dk\/da-dk\/wp-content\/uploads\/2024\/04\/bmw-art-cars-andy-warhol-bmw-m1_1.jpg\" alt=\"\" width=\"1260\" height=\"840\" class=\"size-full wp-image-366\" srcset=\"https:\/\/www.ebiler.dk\/da-dk\/wp-content\/uploads\/2024\/04\/bmw-art-cars-andy-warhol-bmw-m1_1.jpg 1260w, https:\/\/www.ebiler.dk\/da-dk\/wp-content\/uploads\/2024\/04\/bmw-art-cars-andy-warhol-bmw-m1_1-300x200.jpg 300w, https:\/\/www.ebiler.dk\/da-dk\/wp-content\/uploads\/2024\/04\/bmw-art-cars-andy-warhol-bmw-m1_1-1024x683.jpg 1024w, https:\/\/www.ebiler.dk\/da-dk\/wp-content\/uploads\/2024\/04\/bmw-art-cars-andy-warhol-bmw-m1_1-768x512.jpg 768w\" sizes=\"auto, (max-width: 1260px) 100vw, 1260px\" \/><figcaption id=\"caption-attachment-366\" class=\"wp-caption-text\">#4 BMW M1 fra 1979 af Andy Warhol<\/figcaption><\/figure>\n<h3 id=\"bmw-art-cars-i-naesten-50-aar\">BMW Art Cars i n\u00e6sten 50 \u00e5r<\/h3>\n<p>Siden 1975 har anerkendte kunstnere fra hele verden designet BMW Art Cars. Initiativet kom fra den franske racerk\u00f8rer og kunstelsker Herv\u00e9 Poulain, som i samarbejde med dav\u00e6rende chef for BMW Motorsport Jochen Neerpasch bad sin kunstnerven Alexander Calder om at male en bil. Resultatet blev en BMW 3.0 CSL, der deltog i 24-timers l\u00f8bet p\u00e5 Le Mans i 1975. Dette blev startskuddet til BMW Art Car-kollektionen.<\/p>\n<p>I \u00e5rene efter f\u00f8jede anerkendte kunstnere som Frank Stella, Roy Lichtenstein, Andy Warhol, Esther Mahlangu, David Hockney, Jenny Holzer, Olafur Eliasson og Jeff Koons yderligere BMW Art Cars til samlingen.<\/p>\n<p>De enkelte kunstnere har fuld frihed til at v\u00e6lge grafiske og kunstneriske teknikker. Dette har resulteret i en bred vifte af v\u00e6rker fra fuldblodsracerbiler til produktionsklare modeller og sj\u00e6ldne sportsvogne.<\/p>\n<p>Princippet for BMW Art Cars er selve enkeltheden: En kendt kunstner f\u00e5r til opgave at bruge sin kreativitet til at designe en BMW. Gr\u00e6nser og specifikationer: Ingen.<\/p>\n<figure id=\"attachment_363\" aria-describedby=\"caption-attachment-363\" style=\"width: 1260px\" class=\"wp-caption alignnone\"><img loading=\"lazy\" decoding=\"async\" src=\"https:\/\/www.ebiler.dk\/da-dk\/wp-content\/uploads\/2024\/04\/bmw-art-cars-alexander-calder-bmw-3-csl_1.jpg\" alt=\"\" width=\"1260\" height=\"840\" class=\"size-full wp-image-363\" srcset=\"https:\/\/www.ebiler.dk\/da-dk\/wp-content\/uploads\/2024\/04\/bmw-art-cars-alexander-calder-bmw-3-csl_1.jpg 1260w, https:\/\/www.ebiler.dk\/da-dk\/wp-content\/uploads\/2024\/04\/bmw-art-cars-alexander-calder-bmw-3-csl_1-300x200.jpg 300w, https:\/\/www.ebiler.dk\/da-dk\/wp-content\/uploads\/2024\/04\/bmw-art-cars-alexander-calder-bmw-3-csl_1-1024x683.jpg 1024w, https:\/\/www.ebiler.dk\/da-dk\/wp-content\/uploads\/2024\/04\/bmw-art-cars-alexander-calder-bmw-3-csl_1-768x512.jpg 768w\" sizes=\"auto, (max-width: 1260px) 100vw, 1260px\" \/><figcaption id=\"caption-attachment-363\" class=\"wp-caption-text\">#1 BMW 3.0 CSL fra 1975 af Alexander Calder<\/figcaption><\/figure>\n<h3 id=\"1-bmw-3-0-csl-fra-1975-af-alexander-calder\">#1 BMW 3.0 CSL fra 1975 af Alexander Calder<\/h3>\n<p>Alexander Calder (1898-1976) var en amerikansk billedhugger. Han blev udl\u00e6rt som maskiningeni\u00f8r, men som s\u00f8n af et kunstnerpar var karrierevejen n\u00e6sten givet. Calder er kendt for at opfinde sv\u00e6vende skulpturer \u2013 en form for kinetisk kunst \u2013 som var afh\u00e6ngige af den optimale balance og v\u00e6gtfordeling i luften. Oprindeligt brugte Calder motorer til at f\u00e5 sine v\u00e6rker til at bev\u00e6ge sig, men gik over til udelukkende at bruge luftstr\u00f8mme.<\/p>\n<p>Calder var meget optaget af cirkus og efter at v\u00e6re flyttet til Paris i 1926 skabte han \u201dCirque Calder\u201d &#8211; en kompleks og unik kunstsamling &#8211; som blev pr\u00e6senteret til cirkusser i b\u00e5de Paris og New York. Cirque Calder var formet af materialer som tr\u00e5d, l\u00e6der og klude og var ikke st\u00f8rre, end Calder kunne pakke det ned i en stor kuffert og bringe det med sig.<\/p>\n<p>Den allerf\u00f8rste BMW Art Car blev en realitet lige inden Calders d\u00f8d i 1976, og bilen, som fik nummer 93 i 24-timers l\u00f8bet p\u00e5 Le Mans i 1975, blev k\u00f8rt af Herv\u00e9 Poulain selv (initiativtageren til BMW Art Cars). Desv\u00e6rre gennemf\u00f8rte Poulain ikke l\u00f8bet, men det blev startskuddet til den succesrige historie med BMW Art Cars.<\/p>\n<figure id=\"attachment_365\" aria-describedby=\"caption-attachment-365\" style=\"width: 1260px\" class=\"wp-caption alignnone\"><img loading=\"lazy\" decoding=\"async\" src=\"https:\/\/www.ebiler.dk\/da-dk\/wp-content\/uploads\/2024\/04\/bmw-art-cars-andy-warhol-bmw-m1_2.jpg\" alt=\"\" width=\"1260\" height=\"840\" class=\"size-full wp-image-365\" srcset=\"https:\/\/www.ebiler.dk\/da-dk\/wp-content\/uploads\/2024\/04\/bmw-art-cars-andy-warhol-bmw-m1_2.jpg 1260w, https:\/\/www.ebiler.dk\/da-dk\/wp-content\/uploads\/2024\/04\/bmw-art-cars-andy-warhol-bmw-m1_2-300x200.jpg 300w, https:\/\/www.ebiler.dk\/da-dk\/wp-content\/uploads\/2024\/04\/bmw-art-cars-andy-warhol-bmw-m1_2-1024x683.jpg 1024w, https:\/\/www.ebiler.dk\/da-dk\/wp-content\/uploads\/2024\/04\/bmw-art-cars-andy-warhol-bmw-m1_2-768x512.jpg 768w\" sizes=\"auto, (max-width: 1260px) 100vw, 1260px\" \/><figcaption id=\"caption-attachment-365\" class=\"wp-caption-text\">#4 BMW M1 fra 1979 af Andy Warhol<\/figcaption><\/figure>\n<h3 id=\"4-bmw-m1-fra-1979-af-andy-warhol\">#4 BMW M1 fra 1979 af Andy Warhol<\/h3>\n<p>Andy Warhol (1928-1987) var en amerikansk billedkunstner, filminstrukt\u00f8r, producer og f\u00f8rende skikkelse i popkunstbev\u00e6gelsen. Nogle af hans mest kendte v\u00e6rker omfatter malerierne Campbell\u2019s Soup Cans (1962) og Marilyn Diptych (1962) samt de eksperimentelle film Empire (1964) og Chelsea Girls (1966).<\/p>\n<p>Efter at have udstillet sit arbejde i flere gallerier i slutningen af 1950\u2019erne begyndte han at modtage anerkendelse som en kontroversiel og indflydelsesrig kunstner. Hans studie i New York \u2013 The Factory \u2013 blev et kendt samlingssted for fremtr\u00e6dende intellektuelle drag queens, dramatikere og Hollywood-ber\u00f8mtheder. Han promoverede en samling af personligheder kendt som Warhol-superstjerner og krediteres for at inspirere til det anvendte udtryk: \u201d15 minutes of fame\u201d.<\/p>\n<p>BMW M1, malet af Andy Warhol, er m\u00e5ske det allermest kendte eksemplar i serien af BMW Art Cars. Den bayerske supersportsbil er en legende i sig selv og formentligt en af de mest v\u00e6rdifulde biler i historien. I stedet for at designe en skalamodel som andre kunstnere for derefter at f\u00e5 bilen malet, gik Warhol anderledes til v\u00e6rks og malede direkte p\u00e5 bilen. \u201dJeg fors\u00f8gte at vise hastighed som et visuelt billede.<\/p>\n<p>N\u00e5r en bil k\u00f8rer virkelig hurtigt, omdannes alle linjer og farver til et sl\u00f8ret billede\u201d, sagde Warhol som forklaring p\u00e5 sit arbejde. Warhol eksemplificerede bogstaveligt talt denne hastighed og p\u00e5f\u00f8rte over seks kilo maling p\u00e5 bare 28 minutter. Den centermotoriserede racerbil var ogs\u00e5 hurtig i sit eneste l\u00f8b \u2013 Le Mans i 1979. Slutresultatet var en sjetteplads i den samlede stilling. Den farverige racerbil overgik derefter til museumsgenstand.<\/p>\n<figure id=\"attachment_368\" aria-describedby=\"caption-attachment-368\" style=\"width: 1260px\" class=\"wp-caption alignnone\"><img loading=\"lazy\" decoding=\"async\" src=\"https:\/\/www.ebiler.dk\/da-dk\/wp-content\/uploads\/2024\/04\/bmw-art-cars-jeff-koons-bmw-m3_2.jpg\" alt=\"\" width=\"1260\" height=\"840\" class=\"size-full wp-image-368\" srcset=\"https:\/\/www.ebiler.dk\/da-dk\/wp-content\/uploads\/2024\/04\/bmw-art-cars-jeff-koons-bmw-m3_2.jpg 1260w, https:\/\/www.ebiler.dk\/da-dk\/wp-content\/uploads\/2024\/04\/bmw-art-cars-jeff-koons-bmw-m3_2-300x200.jpg 300w, https:\/\/www.ebiler.dk\/da-dk\/wp-content\/uploads\/2024\/04\/bmw-art-cars-jeff-koons-bmw-m3_2-1024x683.jpg 1024w, https:\/\/www.ebiler.dk\/da-dk\/wp-content\/uploads\/2024\/04\/bmw-art-cars-jeff-koons-bmw-m3_2-768x512.jpg 768w\" sizes=\"auto, (max-width: 1260px) 100vw, 1260px\" \/><figcaption id=\"caption-attachment-368\" class=\"wp-caption-text\">#17 BMW Art Car: BMW M3 GT2 fra 2010 af Jeff Koons<\/figcaption><\/figure>\n<h3 id=\"17-bmw-m3-gt2-fra-2010-af-jeff-koons\">#17 BMW M3 GT2 fra 2010 af Jeff Koons<\/h3>\n<p>Jeff Koons (1955-) er en kontroversiel amerikansk kunstner, som er kendt for popkunst, konceptuel kunst og minimalisme. Hans brug af temaer fra popul\u00e6rkulturen som leget\u00f8j, ornamenter og reklamer er karakteristisk for popkunsten, men Koons&#8217; arbejder har ogs\u00e5 kvaliteter som minimalistisk kunst.<\/p>\n<p>Hans v\u00e6rker er solgt for betydelige summer, herunder en verdensrekord-auktionspris for et v\u00e6rk af en nulevende kunstner. P\u00e5 Christie\u2019s Post-War and Contemporary Art Evening Sales i New York City blev Koons\u2019s Balloon Dog (Orange) solgt for godt 400 millioner kroner.<\/p>\n<p>Som en del af det gode samarbejde mellem BMW og Koons, blev der i 2022 sendt cirka 3,3 millioner kroner til velg\u00f8renhed i forbindelse med en auktion p\u00e5 Christie\u00b4s auktion i New York. Her r\u00f8g en BMW M850i xDrive Gran Coup\u00e9 under hammeren, og hele bel\u00f8bet gik ubesk\u00e5ret til \u201dInternational Center for Missing &amp; Exploited Children\u201d. Bilen, som var dekoreret og signeret af Jeff Koons, var det sidste eksemplar ud af en limiteret produktion p\u00e5 99 biler af den specifikke model.<\/p>\n<p>Med BMW Art Car #17 vendte popkunsten tilbage, og med den gik BMW Art Car-serien tilbage til sin oprindelse. Med hver bestanddel i karrosseriet \u00f8nsker den amerikanske kunstners BMW M3 GT2 at udtrykke: \u201dJeg er hurtig!\u201d. Selv n\u00e5r bilen holder stille, ser det ud, som om den er i bev\u00e6gelse. I 2010 var den p\u00e5 start grid\u2019en til 24-timers l\u00f8bet p\u00e5 Le Mans. Desv\u00e6rre udgik bilen med Dirk Werner (DE), Dirk M\u00fcller (DE) og Andy Priaulx (GB) forholdsvist tidligt i l\u00f8bet p\u00e5 grund af en defekt.<\/p>\n<figure id=\"attachment_364\" aria-describedby=\"caption-attachment-364\" style=\"width: 1260px\" class=\"wp-caption alignnone\"><img loading=\"lazy\" decoding=\"async\" src=\"https:\/\/www.ebiler.dk\/da-dk\/wp-content\/uploads\/2024\/04\/bmw-art-cars-alexander-calder-bmw-3-csl_2.jpg\" alt=\"\" width=\"1260\" height=\"840\" class=\"size-full wp-image-364\" srcset=\"https:\/\/www.ebiler.dk\/da-dk\/wp-content\/uploads\/2024\/04\/bmw-art-cars-alexander-calder-bmw-3-csl_2.jpg 1260w, https:\/\/www.ebiler.dk\/da-dk\/wp-content\/uploads\/2024\/04\/bmw-art-cars-alexander-calder-bmw-3-csl_2-300x200.jpg 300w, https:\/\/www.ebiler.dk\/da-dk\/wp-content\/uploads\/2024\/04\/bmw-art-cars-alexander-calder-bmw-3-csl_2-1024x683.jpg 1024w, https:\/\/www.ebiler.dk\/da-dk\/wp-content\/uploads\/2024\/04\/bmw-art-cars-alexander-calder-bmw-3-csl_2-768x512.jpg 768w\" sizes=\"auto, (max-width: 1260px) 100vw, 1260px\" \/><figcaption id=\"caption-attachment-364\" class=\"wp-caption-text\">#1 BMW 3.0 CSL fra 1975 af Alexander Calder<\/figcaption><\/figure>\n<h3 id=\"naeste-kapitel-i-historien\">N\u00e6ste kapitel i historien<\/h3>\n<p>BMW Art Car nummer 20 bliver det n\u00e6ste rullende kunstv\u00e6rk, og bilen \u2013 BMW M Hybrid V8 &#8211; f\u00e5r premiere til 24-timers l\u00f8bet p\u00e5 Le Mans i Frankrig den 15.-16. juni 2024 og forbinder dermed igen linket mellem racerl\u00f8b og kunst.<\/p>\n<p>En international jury har enstemmigt valgt den New York-baserede og internationalt anerkendte kunstner Julie Mehretu som designeren, der f\u00e5r helt fri bane til at designe den n\u00e6ste BMW Art Car.<\/p>\n<p>Julie Mehretu er f\u00f8dt i 1970 i Etiopien. Da hun var syv \u00e5r, flyttede familien til USA. Hun er uddannet designer og har siden 1999 haft sit eget studie i New York.<\/p>\n<p>BMW M Hybrid V8 bliver dermed forts\u00e6ttelsen af en n\u00e6sten 50 \u00e5rs tradition, som ikke kun har begejstret motorsportsentusiaster verden over, men ogs\u00e5 fans af design, kunst, teknologi og mobilitet.<\/p>\n","protected":false},"excerpt":{"rendered":"Tre af de allermest hypede BMW Art Cars kommer til Danmark. Du kan se de unikke kunstv\u00e6rker hos Bayern AutoGroup i Aarhus og Jan Nygaard i Lyngby. Disse rullende mesterv\u00e6rker er et eksempel p\u00e5, hvad der sker, n\u00e5r kreativitet, innovation og performance samles \u2013 og det er netop det, BMW handler om.\n","protected":false},"author":2,"featured_media":367,"comment_status":"closed","ping_status":"open","sticky":false,"template":"","format":"standard","meta":{"footnotes":""},"categories":[5],"tags":[],"class_list":{"0":"post-356","1":"post","2":"type-post","3":"status-publish","4":"format-standard","5":"has-post-thumbnail","7":"category-bmw","8":"cs-entry","9":"cs-video-wrap"},"_links":{"self":[{"href":"https:\/\/www.ebiler.dk\/da-dk\/wp-json\/wp\/v2\/posts\/356","targetHints":{"allow":["GET"]}}],"collection":[{"href":"https:\/\/www.ebiler.dk\/da-dk\/wp-json\/wp\/v2\/posts"}],"about":[{"href":"https:\/\/www.ebiler.dk\/da-dk\/wp-json\/wp\/v2\/types\/post"}],"author":[{"embeddable":true,"href":"https:\/\/www.ebiler.dk\/da-dk\/wp-json\/wp\/v2\/users\/2"}],"replies":[{"embeddable":true,"href":"https:\/\/www.ebiler.dk\/da-dk\/wp-json\/wp\/v2\/comments?post=356"}],"version-history":[{"count":0,"href":"https:\/\/www.ebiler.dk\/da-dk\/wp-json\/wp\/v2\/posts\/356\/revisions"}],"wp:featuredmedia":[{"embeddable":true,"href":"https:\/\/www.ebiler.dk\/da-dk\/wp-json\/wp\/v2\/media\/367"}],"wp:attachment":[{"href":"https:\/\/www.ebiler.dk\/da-dk\/wp-json\/wp\/v2\/media?parent=356"}],"wp:term":[{"taxonomy":"category","embeddable":true,"href":"https:\/\/www.ebiler.dk\/da-dk\/wp-json\/wp\/v2\/categories?post=356"},{"taxonomy":"post_tag","embeddable":true,"href":"https:\/\/www.ebiler.dk\/da-dk\/wp-json\/wp\/v2\/tags?post=356"}],"curies":[{"name":"wp","href":"https:\/\/api.w.org\/{rel}","templated":true}]}}