{"id":534,"date":"2024-05-08T08:27:54","date_gmt":"2024-05-08T06:27:54","guid":{"rendered":"https:\/\/www.ebiler.dk\/da-dk\/?p=534"},"modified":"2024-05-08T08:27:54","modified_gmt":"2024-05-08T06:27:54","slug":"passat-og-tiguan-ehybrid-elektriske-raekkevidde-mere-end-fordoblet","status":"publish","type":"post","link":"https:\/\/www.ebiler.dk\/da-dk\/nyheder\/volkswagen\/passat-og-tiguan-ehybrid-elektriske-raekkevidde-mere-end-fordoblet\/534\/","title":{"rendered":"Passat og Tiguan eHybrid: Elektriske r\u00e6kkevidde mere end fordoblet"},"content":{"rendered":"<p>Volkswagen var blandt de f\u00f8rste til at tilbyde plug-in-hybrid-teknologien i firmabilsklassen med introduktionen af Passat GTE i 2015.<\/p>\n<p>Det blev hurtigt en eftertragtet model p\u00e5 grund af en velafbalanceret kombination af el- og forbr\u00e6ndinsgmotor, der gav mulighed for at kombinere nulemissionsk\u00f8rsel, elektrisk k\u00f8rekomfort og forbr\u00e6ndingsmotorens lange r\u00e6kkevidde.<\/p>\n<p>Plug-in-hybrid-drivlinjen, der kombinerede en 1,4 TSI-motor, en 115 hk elmotor, et 13 kWh-batteri og havde en elektrisk r\u00e6kkevidde p\u00e5 op til 50 km, blev popul\u00e6r i b\u00e5de Golf, Passat og Tiguan.<\/p>\n<p>Nu introducerer Volkswagen en nyudviklet plug-in-hybrid-drivlinje i de nye generationer af Passat og Tiguan. Denne drivlinje best\u00e5r af en 1,5 TSI turbobenzinmotor, en 115 hk\/330 Nm st\u00e6rk elmotor, en seks-trins DSG-gearkasse og et 19,7 kWh-batteri.<\/p>\n<p><img loading=\"lazy\" decoding=\"async\" src=\"https:\/\/www.ebiler.dk\/da-dk\/wp-content\/uploads\/2024\/05\/vw-tiguan-plug-in-hybrid-2024_4.jpg\" alt=\"\" width=\"1260\" height=\"840\" class=\"alignnone size-full wp-image-540\" srcset=\"https:\/\/www.ebiler.dk\/da-dk\/wp-content\/uploads\/2024\/05\/vw-tiguan-plug-in-hybrid-2024_4.jpg 1260w, https:\/\/www.ebiler.dk\/da-dk\/wp-content\/uploads\/2024\/05\/vw-tiguan-plug-in-hybrid-2024_4-300x200.jpg 300w, https:\/\/www.ebiler.dk\/da-dk\/wp-content\/uploads\/2024\/05\/vw-tiguan-plug-in-hybrid-2024_4-1024x683.jpg 1024w, https:\/\/www.ebiler.dk\/da-dk\/wp-content\/uploads\/2024\/05\/vw-tiguan-plug-in-hybrid-2024_4-768x512.jpg 768w\" sizes=\"auto, (max-width: 1260px) 100vw, 1260px\" \/><\/p>\n<p>Plug-in-hybrid-drivlinjen kommer i to versioner med en systemydelse p\u00e5 henholdsvis 204 hk\/350 Nm og 272 hk\/400 Nm. Elmotoren er den samme i de to drivlinjer, men 1,5 TSI-turbobenzinmotoren yder 150 hk i basisversionen og 177 hk i topversionen.<\/p>\n<p>En ny lader ombord i bilen betyder, at den kan lade med op til 11 kW AC ved ladeboksen hjemme og hurtiglade med op til 50 kW DC ude, hvor den under optimale betingelser kan lade fra 10 til 80 % str\u00f8m p\u00e5 batteriet p\u00e5 25 minutter.<\/p>\n<p>Med den nye generation plug-in-hybrid-drivlinje er den elektriske r\u00e6kkevidde mere end fordoblet og er nu op til 132 km (WLTP) afh\u00e6ngigt af bilens udstyr.<\/p>\n","protected":false},"excerpt":{"rendered":"Volkswagen plug-in-hybrid-teknologi (eHybrid): Den elektriske r\u00e6kkevidde er mere end fordoblet og er nu op til 132 km (WLTP) afh\u00e6ngigt af bilens udstyr.\n","protected":false},"author":2,"featured_media":539,"comment_status":"closed","ping_status":"open","sticky":false,"template":"","format":"standard","meta":{"footnotes":""},"categories":[50],"tags":[99,98,101,100,102],"class_list":{"0":"post-534","1":"post","2":"type-post","3":"status-publish","4":"format-standard","5":"has-post-thumbnail","7":"category-volkswagen","8":"tag-ehybrid","9":"tag-plug-in-hybrid","10":"tag-volkswagen","11":"tag-volkswagen-passat","12":"tag-volkswagen-tiguan","13":"cs-entry","14":"cs-video-wrap"},"_links":{"self":[{"href":"https:\/\/www.ebiler.dk\/da-dk\/wp-json\/wp\/v2\/posts\/534","targetHints":{"allow":["GET"]}}],"collection":[{"href":"https:\/\/www.ebiler.dk\/da-dk\/wp-json\/wp\/v2\/posts"}],"about":[{"href":"https:\/\/www.ebiler.dk\/da-dk\/wp-json\/wp\/v2\/types\/post"}],"author":[{"embeddable":true,"href":"https:\/\/www.ebiler.dk\/da-dk\/wp-json\/wp\/v2\/users\/2"}],"replies":[{"embeddable":true,"href":"https:\/\/www.ebiler.dk\/da-dk\/wp-json\/wp\/v2\/comments?post=534"}],"version-history":[{"count":0,"href":"https:\/\/www.ebiler.dk\/da-dk\/wp-json\/wp\/v2\/posts\/534\/revisions"}],"wp:featuredmedia":[{"embeddable":true,"href":"https:\/\/www.ebiler.dk\/da-dk\/wp-json\/wp\/v2\/media\/539"}],"wp:attachment":[{"href":"https:\/\/www.ebiler.dk\/da-dk\/wp-json\/wp\/v2\/media?parent=534"}],"wp:term":[{"taxonomy":"category","embeddable":true,"href":"https:\/\/www.ebiler.dk\/da-dk\/wp-json\/wp\/v2\/categories?post=534"},{"taxonomy":"post_tag","embeddable":true,"href":"https:\/\/www.ebiler.dk\/da-dk\/wp-json\/wp\/v2\/tags?post=534"}],"curies":[{"name":"wp","href":"https:\/\/api.w.org\/{rel}","templated":true}]}}