{"id":571,"date":"2024-05-13T19:59:50","date_gmt":"2024-05-13T17:59:50","guid":{"rendered":"https:\/\/www.ebiler.dk\/da-dk\/?p=571"},"modified":"2024-05-13T19:59:50","modified_gmt":"2024-05-13T17:59:50","slug":"transportministeriet-flere-ladestandere-per-elbil","status":"publish","type":"post","link":"https:\/\/www.ebiler.dk\/da-dk\/nyheder\/transportministeriet-flere-ladestandere-per-elbil\/571\/","title":{"rendered":"Transportministeriet: Flere ladestandere per elbil"},"content":{"rendered":"<p>De nyeste tal viser, at udviklingen i offentligt tilg\u00e6ngelige ladepunkter igen overg\u00e5r sig selv.<\/p>\n<p>Sammenligner man tallene fra f\u00f8rste kvartal 2023 med tallene for samme kvartal i 2024, er antallet af ladepunkter g\u00e5et fra 11.000 til 21.000, hvilket svarer til en stigning p\u00e5 90 procent og dermed n\u00e6sten en fordobling p\u00e5 bare \u00e9t \u00e5r.<\/p>\n<p>Samtidig viser tallene, at danskerne har lettere ved at f\u00e5 adgang til en ladestander. For kigger man p\u00e5, hvor mange elbiler der er per antal ladepunkt, s\u00e5 er tallet nede p\u00e5 10,7 elbil per ladepunkt. <\/p>\n<p>&#8211; Antallet af offentlige tilg\u00e6ngelige ladepunkter stiger i alle egne af landet, og markedet er i rivende udvikling.  Tallene understreger, at vi er godt p\u00e5 vej mod den gr\u00f8nne omstilling p\u00e5 vejene, og det er ogs\u00e5 virkelig gode nyheder for nuv\u00e6rende og kommende elbilejere, der nu har lettere adgang til opladning p\u00e5 farten, siger transportminister Thomas Danielsen.<\/p>\n<p>I f\u00f8rste kvartal af 2024 er ladeinfrastrukturen blevet udbygget i 95 procent af de danske kommuner. Den st\u00f8rste stigning i antallet af ladepunker har fundet sted i Sams\u00f8 efterfulgt af Faxe, Nyborg, Herlev og Thisted. <\/p>\n<p>Herlev, Faxe, Gentofte, Nyborg, Helsing\u00f8r og Skanderborg er samtidig nye p\u00e5 top-20 over kommuner med flest ladepunkter per 1.000 indbyggere. Tallene understreger ogs\u00e5, at stigningen i antallet af ladestandere sker p\u00e5 tv\u00e6rs af landet, hvilket \u00f8ger fleksibiliteten for bilister, der krydser landet i en elbil.<\/p>\n<p>Tallene viser ogs\u00e5, at de kommuner hvor der er flest offentlige ladepunkter per 1.000 indbyggere er Sams\u00f8 p\u00e5 f\u00f8rstepladsen, efterfulgt af Fan\u00f8, K\u00f8benhavn og H\u00f8je Taastrup.<\/p>\n","protected":false},"excerpt":{"rendered":"Udrulningen af offentligt tilg\u00e6ngelige ladestandere g\u00e5r st\u00e6rkt. Antallet af ladepunkter er n\u00e6sten er fordoblet det seneste \u00e5r, og der har ikke v\u00e6ret s\u00e5 mange tilg\u00e6ngelige ladepunkter per elbil siden 2021.\n","protected":false},"author":2,"featured_media":572,"comment_status":"closed","ping_status":"open","sticky":false,"template":"","format":"standard","meta":{"footnotes":""},"categories":[3],"tags":[68],"class_list":{"0":"post-571","1":"post","2":"type-post","3":"status-publish","4":"format-standard","5":"has-post-thumbnail","7":"category-nyheder","8":"tag-elbiler","9":"cs-entry","10":"cs-video-wrap"},"_links":{"self":[{"href":"https:\/\/www.ebiler.dk\/da-dk\/wp-json\/wp\/v2\/posts\/571","targetHints":{"allow":["GET"]}}],"collection":[{"href":"https:\/\/www.ebiler.dk\/da-dk\/wp-json\/wp\/v2\/posts"}],"about":[{"href":"https:\/\/www.ebiler.dk\/da-dk\/wp-json\/wp\/v2\/types\/post"}],"author":[{"embeddable":true,"href":"https:\/\/www.ebiler.dk\/da-dk\/wp-json\/wp\/v2\/users\/2"}],"replies":[{"embeddable":true,"href":"https:\/\/www.ebiler.dk\/da-dk\/wp-json\/wp\/v2\/comments?post=571"}],"version-history":[{"count":0,"href":"https:\/\/www.ebiler.dk\/da-dk\/wp-json\/wp\/v2\/posts\/571\/revisions"}],"wp:featuredmedia":[{"embeddable":true,"href":"https:\/\/www.ebiler.dk\/da-dk\/wp-json\/wp\/v2\/media\/572"}],"wp:attachment":[{"href":"https:\/\/www.ebiler.dk\/da-dk\/wp-json\/wp\/v2\/media?parent=571"}],"wp:term":[{"taxonomy":"category","embeddable":true,"href":"https:\/\/www.ebiler.dk\/da-dk\/wp-json\/wp\/v2\/categories?post=571"},{"taxonomy":"post_tag","embeddable":true,"href":"https:\/\/www.ebiler.dk\/da-dk\/wp-json\/wp\/v2\/tags?post=571"}],"curies":[{"name":"wp","href":"https:\/\/api.w.org\/{rel}","templated":true}]}}