{"id":62,"date":"2024-03-22T03:00:11","date_gmt":"2024-03-22T02:00:11","guid":{"rendered":"https:\/\/www.ebiler.dk\/da-dk\/?p=62"},"modified":"2024-03-22T03:16:31","modified_gmt":"2024-03-22T02:16:31","slug":"en-fuldelektrisk-suv-bmw-vision-neue-klasse-x","status":"publish","type":"post","link":"https:\/\/www.ebiler.dk\/da-dk\/nyheder\/bmw\/en-fuldelektrisk-suv-bmw-vision-neue-klasse-x\/62\/","title":{"rendered":"En fuldelektrisk SUV: BMW Vision Neue Klasse X"},"content":{"rendered":"<p>\u201dSammen med BMW Vision Neue Klasse viser BMW Vision Neue Klasse X bredden af vores fremtidige modelprogram. Neue Klasse afspejler mangfoldigheden af modeller, som kunderne eftersp\u00f8rger i dag og i fremtiden \u2013 fra en sporty sedan til en moderne SUV\u201d, siger Oliver Zipse, CEO hos BMW AG. \u201dP\u00e5 den m\u00e5de understreger vi, at Neue Klasse er meget mere end blot en bil eller et specifikt koncept; det redefinerer brandet BMW \u2013 og bliver samtidigt mere BMW end nogensinde\u201d.<\/p>\n<p>P\u00e5 den internationale biludstilling IAA 2023 i M\u00fcnchen viste BMW et klart billede af en fremtidig sedan \u2013 BMW Vision Neue Klasse. Nu illustrerer BMW Vision Neue Klasse X, hvordan den fremtidige X-modelfamilie kommer til at se ud.<\/p>\n<p>Neue Klasse best\u00e5r af tre hovedkarakteristika \u2013 elektrisk, digital og cirkul\u00e6r \u2013 og udvides nu med en fjerde dimension. K\u00f8regl\u00e6den, som altid har v\u00e6ret i centrum hos BMW, forst\u00e6rkes med drivlinje og undervogn udviklet specielt til Neue Klasse.<\/p>\n<h3 id=\"bmw-x-model-med-staerke-karakterer\">BMW X-model med st\u00e6rke karakterer<\/h3>\n<p>B\u00e5de udvendigt og indvendigt viser konceptbilen et helt nyt og klart designsprog, som har fokus p\u00e5 det essentielle med BMW nyrerne p\u00e5 fronten og Hofmeister-kn\u00e6kket ved C-stolpen som typiske BMW kendetegn. BMW nyrerne giver sammen med forlygterne en lyseffekt, der aktiveres, n\u00e5r f\u00f8reren n\u00e6rmer sig bilen.<\/p>\n<p>De store vinduesarealer og panoramaglastaget sikrer et naturligt lys i kabinen, som suppleres af tekstiler i varme farver. Det lyse og lette design understreges yderligere af eksteri\u00f8rfarven \u201dCoral Silver\u201d.<\/p>\n<p>Bagenden er p\u00e5 samme tid b\u00e5de muskul\u00f8s og atletisk. Baglygterne, der r\u00e6kker langt ind p\u00e5 midten, giver en vandret fortolkning af den velkendte L-form.<\/p>\n<p><img loading=\"lazy\" decoding=\"async\" src=\"https:\/\/www.ebiler.dk\/da-dk\/wp-content\/uploads\/2024\/03\/bmw-vision-neue-klasse-x_01.jpg\" alt=\"\" width=\"1260\" height=\"840\" class=\"alignnone size-full wp-image-63\" srcset=\"https:\/\/www.ebiler.dk\/da-dk\/wp-content\/uploads\/2024\/03\/bmw-vision-neue-klasse-x_01.jpg 1260w, https:\/\/www.ebiler.dk\/da-dk\/wp-content\/uploads\/2024\/03\/bmw-vision-neue-klasse-x_01-300x200.jpg 300w, https:\/\/www.ebiler.dk\/da-dk\/wp-content\/uploads\/2024\/03\/bmw-vision-neue-klasse-x_01-1024x683.jpg 1024w, https:\/\/www.ebiler.dk\/da-dk\/wp-content\/uploads\/2024\/03\/bmw-vision-neue-klasse-x_01-768x512.jpg 768w\" sizes=\"auto, (max-width: 1260px) 100vw, 1260px\" \/><\/p>\n<h3 id=\"bmw-panoramic-vision\">BMW Panoramic Vision<\/h3>\n<p>Det nydesignede rat med multifunktionsknapper, displayet med intuitiv ber\u00f8ringsfunktion og BMW Panoramic Vision fungerer sammen med den avancerede stemmestyring fra BMW Intelligent Personal Assistant som interaktionen mellem menneske og bil. BMW Panoramic Vision projicerer vigtige oplysninger over hele forrudens bredde. I produktionsmodellerne under Neue Klasse vil dette blive suppleret med et helt nyt 3D Head-Up Display.<\/p>\n<h3 id=\"sjette-generation-af-bmw-edrive-teknologi\">Sjette generation af BMW eDrive-teknologi<\/h3>\n<p>I Neue Klasse n\u00e5r den samlede effektivitet et nyt niveau med sjette generation af BMW eDrive-teknologien. Ud over forbedrede elektriske drivlinjer har bilerne nye runde litium-ion-battericeller med en energit\u00e6thed, som er mere end 20 procent h\u00f8jere end de nuv\u00e6rende prismatiske celler.<\/p>\n<p>Ladeteknologien vil f\u00e5 en h\u00f8jere sp\u00e6nding p\u00e5 op til 800 volt, hvilket vil reducere opladningstiden med op til 30 procent, og g\u00f8r det muligt at oplade en ekstra r\u00e6kkevidde p\u00e5 300 kilometer p\u00e5 bare ti minutter. Samtidig vil den nye generation af BMW eDrive sikre op til 30 procents l\u00e6ngere elektrisk r\u00e6kkevidde.<\/p>\n<p><img loading=\"lazy\" decoding=\"async\" src=\"https:\/\/www.ebiler.dk\/da-dk\/wp-content\/uploads\/2024\/03\/bmw-vision-neue-klasse-x_03.jpg\" alt=\"\" width=\"1260\" height=\"840\" class=\"alignnone size-full wp-image-65\" srcset=\"https:\/\/www.ebiler.dk\/da-dk\/wp-content\/uploads\/2024\/03\/bmw-vision-neue-klasse-x_03.jpg 1260w, https:\/\/www.ebiler.dk\/da-dk\/wp-content\/uploads\/2024\/03\/bmw-vision-neue-klasse-x_03-300x200.jpg 300w, https:\/\/www.ebiler.dk\/da-dk\/wp-content\/uploads\/2024\/03\/bmw-vision-neue-klasse-x_03-1024x683.jpg 1024w, https:\/\/www.ebiler.dk\/da-dk\/wp-content\/uploads\/2024\/03\/bmw-vision-neue-klasse-x_03-768x512.jpg 768w\" sizes=\"auto, (max-width: 1260px) 100vw, 1260px\" \/><\/p>\n<h3 id=\"neue-klasse-elektrisk-digital-og-cirkulaer\">Neue Klasse &#8211; elektrisk, digital og cirkul\u00e6r<\/h3>\n<p>Konceptbilen er netop blevet afsl\u00f8ret i forbindelse med BMW Group Annual Conference i M\u00fcnchen og kommer i serieproduktion i 2025.<\/p>\n<p>Neue Klasse markerer begyndelsen p\u00e5 en ny \u00e6ra med n\u00e6ste generations BMW modeller, pr\u00e6cis som de historiske Neue Klasse-modeller gjorde i 1960\u2019erne.<\/p>\n<p>De f\u00f8rste modeller under Neue Klasse vil v\u00e6re en sportslig SUV og en sedan i den nuv\u00e6rende BMW 3-serie st\u00f8rrelse. Derefter forventes mindst seks nye modeller at rulle ud p\u00e5 vejene inden for 24 m\u00e5neder efter f\u00f8rste markedslancering.<\/p>\n<p>Neue Klasse vil s\u00e6tte nye standarder for elektrificering, digitalisering og cirkularitet og danne grundlaget for k\u00f8regl\u00e6den i alle fremtidige BMW modeller fra 2025 og frem.<\/p>\n<p>***<\/p>\n<p>Forbrugstal er ikke tilg\u00e6ngelige, idet BMW Vision Neue Klasse X er en konceptbil.<\/p>\n","protected":false},"excerpt":{"rendered":"BMW har netop trukket kl\u00e6det af BMW Vision Neue Klasse X. En fuldelektrisk SUV, som kommer i serieproduktion i 2025.\n","protected":false},"author":2,"featured_media":64,"comment_status":"closed","ping_status":"open","sticky":false,"template":"","format":"standard","meta":{"footnotes":""},"categories":[5],"tags":[68],"class_list":{"0":"post-62","1":"post","2":"type-post","3":"status-publish","4":"format-standard","5":"has-post-thumbnail","7":"category-bmw","8":"tag-elbiler","9":"cs-entry","10":"cs-video-wrap"},"_links":{"self":[{"href":"https:\/\/www.ebiler.dk\/da-dk\/wp-json\/wp\/v2\/posts\/62","targetHints":{"allow":["GET"]}}],"collection":[{"href":"https:\/\/www.ebiler.dk\/da-dk\/wp-json\/wp\/v2\/posts"}],"about":[{"href":"https:\/\/www.ebiler.dk\/da-dk\/wp-json\/wp\/v2\/types\/post"}],"author":[{"embeddable":true,"href":"https:\/\/www.ebiler.dk\/da-dk\/wp-json\/wp\/v2\/users\/2"}],"replies":[{"embeddable":true,"href":"https:\/\/www.ebiler.dk\/da-dk\/wp-json\/wp\/v2\/comments?post=62"}],"version-history":[{"count":0,"href":"https:\/\/www.ebiler.dk\/da-dk\/wp-json\/wp\/v2\/posts\/62\/revisions"}],"wp:featuredmedia":[{"embeddable":true,"href":"https:\/\/www.ebiler.dk\/da-dk\/wp-json\/wp\/v2\/media\/64"}],"wp:attachment":[{"href":"https:\/\/www.ebiler.dk\/da-dk\/wp-json\/wp\/v2\/media?parent=62"}],"wp:term":[{"taxonomy":"category","embeddable":true,"href":"https:\/\/www.ebiler.dk\/da-dk\/wp-json\/wp\/v2\/categories?post=62"},{"taxonomy":"post_tag","embeddable":true,"href":"https:\/\/www.ebiler.dk\/da-dk\/wp-json\/wp\/v2\/tags?post=62"}],"curies":[{"name":"wp","href":"https:\/\/api.w.org\/{rel}","templated":true}]}}