{"id":644,"date":"2024-05-22T11:30:29","date_gmt":"2024-05-22T09:30:29","guid":{"rendered":"https:\/\/www.ebiler.dk\/da-dk\/?p=644"},"modified":"2024-05-22T11:36:15","modified_gmt":"2024-05-22T09:36:15","slug":"volkswagen-id-3-pure-prisstaerk-elbil-til-259-995-kr","status":"publish","type":"post","link":"https:\/\/www.ebiler.dk\/da-dk\/nyheder\/volkswagen\/volkswagen-id-3-pure-prisstaerk-elbil-til-259-995-kr\/644\/","title":{"rendered":"Volkswagen ID.3 Pure: Prisst\u00e6rk elbil til 259.995 kr."},"content":{"rendered":"<p>Volkswagen \u00f8nsker at g\u00f8re elektrisk mobilitet tilg\u00e6ngelig for de mange og som led i dette, sigter m\u00e6rket mod at tilbyde en s\u00e5 bred pallette af fuldelektriske modeller som muligt. Nyeste eksempel p\u00e5 dette er introduktionen af den nye ID.3 Pure \u2013 en \u00f8konomisk attraktiv indstigningsmodel til priser fra kun 259.995 kr.<\/p>\n<p>Det er et comeback til ID.3 Pure i modelprogrammet, men siden den sidst var tilg\u00e6ngelig, har den f\u00e5et en omfattende teknisk opgradering, der resulterer i mere r\u00e6kkevidde og mere motorkraft. ID.3 Pure k\u00f8rer nu med et 52 kWh-batteri mod 45 kWh-tidligere, hvilket har \u00f8get r\u00e6kkevidden fra 347 til 388 km (WLTP). Ladehastigheden er samtidig l\u00f8ftet fra 110 til 145 kW, hvilket betyder, at batteriet i ID.3 Pure under optimale betingelser kan lynlade fra 10 til 80 % str\u00f8m p\u00e5 kun 25 minutter.<\/p>\n<p>ID.3 Pure er ikke kun blevet hurtigere til at lade batteriet, den er ogs\u00e5 hurtigere p\u00e5 stopuret. Elmotoren er opgraderet og yder nu 170 hk mod tidligere 150 hk, og accelerationstiden fra 0 til 100 km\/t er 8,2 sek., mens topfarten er 160 km\/t.<\/p>\n<figure id=\"attachment_647\" aria-describedby=\"caption-attachment-647\" style=\"width: 1260px\" class=\"wp-caption alignnone\"><img loading=\"lazy\" decoding=\"async\" src=\"https:\/\/www.ebiler.dk\/da-dk\/wp-content\/uploads\/2024\/05\/volkswagen-id3_2.jpg\" alt=\"\" width=\"1260\" height=\"840\" class=\"size-full wp-image-647\" srcset=\"https:\/\/www.ebiler.dk\/da-dk\/wp-content\/uploads\/2024\/05\/volkswagen-id3_2.jpg 1260w, https:\/\/www.ebiler.dk\/da-dk\/wp-content\/uploads\/2024\/05\/volkswagen-id3_2-300x200.jpg 300w, https:\/\/www.ebiler.dk\/da-dk\/wp-content\/uploads\/2024\/05\/volkswagen-id3_2-1024x683.jpg 1024w, https:\/\/www.ebiler.dk\/da-dk\/wp-content\/uploads\/2024\/05\/volkswagen-id3_2-768x512.jpg 768w\" sizes=\"auto, (max-width: 1260px) 100vw, 1260px\" \/><figcaption id=\"caption-attachment-647\" class=\"wp-caption-text\">Med introduktionen af ID.3 Pure har Volkswagen et st\u00e6rkt tilbud i den prisbillige ende af det elektriske segment. (Foto: ID.3 er vist med ekstraudstyr)<\/figcaption><\/figure>\n<p>Noget der ikke er \u00e6ndret, er de mange velkendte kvaliteter i den kompakte ID.3. Den er \u2013 som alle andre ID.-modeller \u2013 baseret p\u00e5 MEB-platformen, hvor h\u00f8jvoltsbatteriet er pakket ned under gulvet mellem for- og bagaksel, og den kompakte elmotor er integreret i bagakslen. Det giver et imponerende rummeligt interi\u00f8r i den 426 cm lange bil, hvor der er god plads for op til fem personer og et bagagerum p\u00e5 brugbare 385 liter.<\/p>\n<p>ID.3 er blevet lovpris for sine gode k\u00f8reegenskaber, der rammer et godt kompromis mellem komfort og dynamik takket v\u00e6re bilens lave tyngdepunkt, og med en venderadius p\u00e5 kun 10,2 meter \u2013 det samme som en lille up! \u2013 er den yderst man\u00f8vredygtig.<\/p>\n<p>ID.3 Pure kommer udstyret med Volkswagens nye software 4.0, der blandt meget andet byder p\u00e5 mulighed for at forvarme h\u00f8jvoltsbatteriet og dermed sikre maksimal ladeeffekt ved lynladning. Denne funktion kan aktiveres enten manuelt eller automatisk ved valg af rute i det nye infotainmentsystem, der har en 12,9\u201d touchsk\u00e6rm med tydelig grafik, intuitiv menuopbygning og en konfigurerbar brugerflade. Assistentsystemer som LED-forlygter med Light Assist, en adaptiv fartpilot med Stop-and-Go-funktion og laneassist \u00f8ger k\u00f8rekomfort og sikkerhed.<\/p>\n<p>Med introduktionen af den nye Pure-version favner ID.3-modelprogrammet nu bredt fra en prisst\u00e6rk indstigningsmodel over den popul\u00e6re ID.3 Style (58 kWh\/433 km WLTP) og ID.3 Max med den lange r\u00e6kkevidde (79 kWh\/556 km WLTP) til den sportslige ID.3 GTX, der fuldender modelprogrammet til september.<\/p>\n","protected":false},"excerpt":{"rendered":"Volkswagen introducerer ny prisst\u00e6rk ID.3 til 259.995 kr.\n","protected":false},"author":2,"featured_media":646,"comment_status":"closed","ping_status":"open","sticky":false,"template":"","format":"standard","meta":{"footnotes":""},"categories":[50],"tags":[],"class_list":{"0":"post-644","1":"post","2":"type-post","3":"status-publish","4":"format-standard","5":"has-post-thumbnail","7":"category-volkswagen","8":"cs-entry","9":"cs-video-wrap"},"_links":{"self":[{"href":"https:\/\/www.ebiler.dk\/da-dk\/wp-json\/wp\/v2\/posts\/644","targetHints":{"allow":["GET"]}}],"collection":[{"href":"https:\/\/www.ebiler.dk\/da-dk\/wp-json\/wp\/v2\/posts"}],"about":[{"href":"https:\/\/www.ebiler.dk\/da-dk\/wp-json\/wp\/v2\/types\/post"}],"author":[{"embeddable":true,"href":"https:\/\/www.ebiler.dk\/da-dk\/wp-json\/wp\/v2\/users\/2"}],"replies":[{"embeddable":true,"href":"https:\/\/www.ebiler.dk\/da-dk\/wp-json\/wp\/v2\/comments?post=644"}],"version-history":[{"count":1,"href":"https:\/\/www.ebiler.dk\/da-dk\/wp-json\/wp\/v2\/posts\/644\/revisions"}],"predecessor-version":[{"id":808,"href":"https:\/\/www.ebiler.dk\/da-dk\/wp-json\/wp\/v2\/posts\/644\/revisions\/808"}],"wp:featuredmedia":[{"embeddable":true,"href":"https:\/\/www.ebiler.dk\/da-dk\/wp-json\/wp\/v2\/media\/646"}],"wp:attachment":[{"href":"https:\/\/www.ebiler.dk\/da-dk\/wp-json\/wp\/v2\/media?parent=644"}],"wp:term":[{"taxonomy":"category","embeddable":true,"href":"https:\/\/www.ebiler.dk\/da-dk\/wp-json\/wp\/v2\/categories?post=644"},{"taxonomy":"post_tag","embeddable":true,"href":"https:\/\/www.ebiler.dk\/da-dk\/wp-json\/wp\/v2\/tags?post=644"}],"curies":[{"name":"wp","href":"https:\/\/api.w.org\/{rel}","templated":true}]}}