{"id":659,"date":"2024-05-27T22:30:27","date_gmt":"2024-05-27T20:30:27","guid":{"rendered":"https:\/\/www.ebiler.dk\/da-dk\/?p=659"},"modified":"2024-05-27T22:30:27","modified_gmt":"2024-05-27T20:30:27","slug":"bmw-concept-skytop-helt-unikt-og-eksotisk-bildesign","status":"publish","type":"post","link":"https:\/\/www.ebiler.dk\/da-dk\/nyheder\/bmw\/bmw-concept-skytop-helt-unikt-og-eksotisk-bildesign\/659\/","title":{"rendered":"BMW Concept Skytop: Helt unikt og eksotisk bildesign"},"content":{"rendered":"<p>Med sit designstudie BMW Concept Skytop bringer BMW Group endnu engang en us\u00e6dvanlig elegant og unik bil til \u00e5rets \u201dConcorso d&#8217;Eleganza Villa d&#8217;Este\u201d &#8211; den \u00e5rlige sk\u00f8nhedskonkurrence for klassiske og historiske biler og motorcykler, der afholdes ved Comos\u00f8en i Italien.<\/p>\n<p>Den \u00e5bne topersoners model har en sportslig elegance, der supplerer dens atletiske og muskul\u00f8se udseende. Konceptbilens interi\u00f8r og eksteri\u00f8r har varme monokromatiske farver, der blander eksklusive materialer med traditionelt h\u00e5ndv\u00e6rk.<\/p>\n<p>\u201dBMW Concept Skytop er et helt unikt og eksotisk design, der f\u00f8lger traditionen med Concorso d&#8217;Eleganza Villa d&#8217;Este,\u201d siger Adrian van Hooydonk, chef for BMW Group Design. \u201dBilen tilbyder en kombination af k\u00f8redynamik og elegance p\u00e5 h\u00f8jeste niveau, der kan sammenlignes med dens historiske forf\u00e6dre s\u00e5som BMW Z8 og BMW 503.\u201d<\/p>\n<h3 id=\"atletiske-proportioner-med-klassiske-referencer\">Atletiske proportioner med klassiske referencer<\/h3>\n<p>Eksteri\u00f8ret p\u00e5 BMW Concept Skytop er designet til at inspirere et \u00f8nske om at rejse. Dens stramme, muskul\u00f8se overflader er defineret af f\u00e5 pr\u00e6cise linjer, der visuelt bringer bilens volumen bagud. D\u00f8rgrebene, som diskret er integreret \u00f8verst p\u00e5 de to d\u00f8re, erstatter konventionelle d\u00f8rh\u00e5ndtag. Letmetalf\u00e6lge med markerede lameller optimerer det unikke udseende yderligere.<\/p>\n<p>Set fra et fugleperspektiv fanger den fremtr\u00e6dende motorhjelm, det ikoniske BMW \u201dhajn\u00e6se\u201d-design med belyst nyregitter og tilbagetrukket bagende alt sammen \u00f8jet. Referencen til den legendariske BMW Z8 Roadster er tydelig. S\u00e6rligt sl\u00e5ende er den markante kurve, der str\u00e6kker sig fra motorhjelmen gennem interi\u00f8ret til et aluminiumsstykke placeret p\u00e5 bagklappen, hvilket understreger silhuettens dynamiske flow.<\/p>\n<p>Forlygternes harmoniske design med LED-enheder, der er specialudviklet til BMW Concept Skytop, danner en meget smal profil. Det rene, puristiske design g\u00f8r det muligt at samle alle belysningsfunktioner i en enkelt installation. Baglygternes flade og definerede form supplerer BMW Concept Skytops overordnede udseende.<\/p>\n<p>Styrtb\u00f8jlen i l\u00e6der bag de to s\u00e6der er kombineret med sidefinner p\u00e5 B-stolpen og en fuldt nedf\u00e6ldelig bagrude. De to aftagelige tagdele, ligeledes udf\u00f8rt i l\u00e6der, kan opbevares i et s\u00e6rligt rum i bagagerummet.<\/p>\n<p>Farveskemaet sikrer en j\u00e6vn overgang fra indvendigt til udvendigt, uanset om taget er \u00e5bent eller lukket. I den bageste sektion flyder tagets r\u00f8dbrune tone ind i det d\u00e6mpede s\u00f8lv med kromskyggeeffekt fra den udvendige lakering. Den teknisk komplicerede farvegradient er udformet af en erfaren malermester p\u00e5 BMW Groups fabrik i Dingolfing, Tyskland.<\/p>\n<h3 id=\"interioer-i-brogue-stil\">Interi\u00f8r i \u201dbrogue\u201d-stil<\/h3>\n<p>L\u00e6ders\u00e6derne i interi\u00f8ret har accenter i brogue-stil. Overfladernes r\u00f8dbrune tone skaber et ensartet farveskema, der giver hele interi\u00f8ret en f\u00f8lelse af luksus og rummelighed. Krystalapplikationer, der er kunstf\u00e6rdigt integreret i kabinen, \u00f8ger helhedsindtrykket. De indvendige overflader p\u00e5 BMW Concept Skytop er fremstillet i det traditionsrige sadelmageri p\u00e5 BMW Groups fabrik i Dingolfing.<\/p>\n<p>Lighederne med BMW Z8 findes ogs\u00e5 i motorvarianten. Ligesom den legendariske Roadster kommer BMW Concept Skytop ogs\u00e5 med den mest kraftfulde V8-motor i BMW\u2019s portef\u00f8lje.<\/p>\n<h3 id=\"galleri-bmw-concept-skytop\">Galleri: BMW Concept Skytop<\/h3>\n<figure id=\"attachment_666\" aria-describedby=\"caption-attachment-666\" style=\"width: 1260px\" class=\"wp-caption alignnone\"><img loading=\"lazy\" decoding=\"async\" src=\"https:\/\/www.ebiler.dk\/da-dk\/wp-content\/uploads\/2024\/05\/bmw-concept-skytop_01.jpg\" alt=\"\" width=\"1260\" height=\"840\" class=\"size-full wp-image-666\" srcset=\"https:\/\/www.ebiler.dk\/da-dk\/wp-content\/uploads\/2024\/05\/bmw-concept-skytop_01.jpg 1260w, https:\/\/www.ebiler.dk\/da-dk\/wp-content\/uploads\/2024\/05\/bmw-concept-skytop_01-300x200.jpg 300w, https:\/\/www.ebiler.dk\/da-dk\/wp-content\/uploads\/2024\/05\/bmw-concept-skytop_01-1024x683.jpg 1024w, https:\/\/www.ebiler.dk\/da-dk\/wp-content\/uploads\/2024\/05\/bmw-concept-skytop_01-768x512.jpg 768w\" sizes=\"auto, (max-width: 1260px) 100vw, 1260px\" \/><figcaption id=\"caption-attachment-666\" class=\"wp-caption-text\">BMW Concept Skytop<\/figcaption><\/figure>\n<figure id=\"attachment_667\" aria-describedby=\"caption-attachment-667\" style=\"width: 1260px\" class=\"wp-caption alignnone\"><img loading=\"lazy\" decoding=\"async\" src=\"https:\/\/www.ebiler.dk\/da-dk\/wp-content\/uploads\/2024\/05\/bmw-concept-skytop_02.jpg\" alt=\"\" width=\"1260\" height=\"840\" class=\"size-full wp-image-667\" srcset=\"https:\/\/www.ebiler.dk\/da-dk\/wp-content\/uploads\/2024\/05\/bmw-concept-skytop_02.jpg 1260w, https:\/\/www.ebiler.dk\/da-dk\/wp-content\/uploads\/2024\/05\/bmw-concept-skytop_02-300x200.jpg 300w, https:\/\/www.ebiler.dk\/da-dk\/wp-content\/uploads\/2024\/05\/bmw-concept-skytop_02-1024x683.jpg 1024w, https:\/\/www.ebiler.dk\/da-dk\/wp-content\/uploads\/2024\/05\/bmw-concept-skytop_02-768x512.jpg 768w\" sizes=\"auto, (max-width: 1260px) 100vw, 1260px\" \/><figcaption id=\"caption-attachment-667\" class=\"wp-caption-text\">BMW Concept Skytop<\/figcaption><\/figure>\n<figure id=\"attachment_668\" aria-describedby=\"caption-attachment-668\" style=\"width: 1260px\" class=\"wp-caption alignnone\"><img loading=\"lazy\" decoding=\"async\" src=\"https:\/\/www.ebiler.dk\/da-dk\/wp-content\/uploads\/2024\/05\/bmw-concept-skytop_03.jpg\" alt=\"\" width=\"1260\" height=\"840\" class=\"size-full wp-image-668\" srcset=\"https:\/\/www.ebiler.dk\/da-dk\/wp-content\/uploads\/2024\/05\/bmw-concept-skytop_03.jpg 1260w, https:\/\/www.ebiler.dk\/da-dk\/wp-content\/uploads\/2024\/05\/bmw-concept-skytop_03-300x200.jpg 300w, https:\/\/www.ebiler.dk\/da-dk\/wp-content\/uploads\/2024\/05\/bmw-concept-skytop_03-1024x683.jpg 1024w, https:\/\/www.ebiler.dk\/da-dk\/wp-content\/uploads\/2024\/05\/bmw-concept-skytop_03-768x512.jpg 768w\" sizes=\"auto, (max-width: 1260px) 100vw, 1260px\" \/><figcaption id=\"caption-attachment-668\" class=\"wp-caption-text\">BMW Concept Skytop<\/figcaption><\/figure>\n<figure id=\"attachment_669\" aria-describedby=\"caption-attachment-669\" style=\"width: 1260px\" class=\"wp-caption alignnone\"><img loading=\"lazy\" decoding=\"async\" src=\"https:\/\/www.ebiler.dk\/da-dk\/wp-content\/uploads\/2024\/05\/bmw-concept-skytop_04.jpg\" alt=\"\" width=\"1260\" height=\"840\" class=\"size-full wp-image-669\" srcset=\"https:\/\/www.ebiler.dk\/da-dk\/wp-content\/uploads\/2024\/05\/bmw-concept-skytop_04.jpg 1260w, https:\/\/www.ebiler.dk\/da-dk\/wp-content\/uploads\/2024\/05\/bmw-concept-skytop_04-300x200.jpg 300w, https:\/\/www.ebiler.dk\/da-dk\/wp-content\/uploads\/2024\/05\/bmw-concept-skytop_04-1024x683.jpg 1024w, https:\/\/www.ebiler.dk\/da-dk\/wp-content\/uploads\/2024\/05\/bmw-concept-skytop_04-768x512.jpg 768w\" sizes=\"auto, (max-width: 1260px) 100vw, 1260px\" \/><figcaption id=\"caption-attachment-669\" class=\"wp-caption-text\">BMW Concept Skytop<\/figcaption><\/figure>\n<figure id=\"attachment_670\" aria-describedby=\"caption-attachment-670\" style=\"width: 1260px\" class=\"wp-caption alignnone\"><img loading=\"lazy\" decoding=\"async\" src=\"https:\/\/www.ebiler.dk\/da-dk\/wp-content\/uploads\/2024\/05\/bmw-concept-skytop_05.jpg\" alt=\"\" width=\"1260\" height=\"840\" class=\"size-full wp-image-670\" srcset=\"https:\/\/www.ebiler.dk\/da-dk\/wp-content\/uploads\/2024\/05\/bmw-concept-skytop_05.jpg 1260w, https:\/\/www.ebiler.dk\/da-dk\/wp-content\/uploads\/2024\/05\/bmw-concept-skytop_05-300x200.jpg 300w, https:\/\/www.ebiler.dk\/da-dk\/wp-content\/uploads\/2024\/05\/bmw-concept-skytop_05-1024x683.jpg 1024w, https:\/\/www.ebiler.dk\/da-dk\/wp-content\/uploads\/2024\/05\/bmw-concept-skytop_05-768x512.jpg 768w\" sizes=\"auto, (max-width: 1260px) 100vw, 1260px\" \/><figcaption id=\"caption-attachment-670\" class=\"wp-caption-text\">BMW Concept Skytop<\/figcaption><\/figure>\n<figure id=\"attachment_671\" aria-describedby=\"caption-attachment-671\" style=\"width: 1260px\" class=\"wp-caption alignnone\"><img loading=\"lazy\" decoding=\"async\" src=\"https:\/\/www.ebiler.dk\/da-dk\/wp-content\/uploads\/2024\/05\/bmw-concept-skytop_06.jpg\" alt=\"\" width=\"1260\" height=\"840\" class=\"size-full wp-image-671\" srcset=\"https:\/\/www.ebiler.dk\/da-dk\/wp-content\/uploads\/2024\/05\/bmw-concept-skytop_06.jpg 1260w, https:\/\/www.ebiler.dk\/da-dk\/wp-content\/uploads\/2024\/05\/bmw-concept-skytop_06-300x200.jpg 300w, https:\/\/www.ebiler.dk\/da-dk\/wp-content\/uploads\/2024\/05\/bmw-concept-skytop_06-1024x683.jpg 1024w, https:\/\/www.ebiler.dk\/da-dk\/wp-content\/uploads\/2024\/05\/bmw-concept-skytop_06-768x512.jpg 768w\" sizes=\"auto, (max-width: 1260px) 100vw, 1260px\" \/><figcaption id=\"caption-attachment-671\" class=\"wp-caption-text\">BMW Concept Skytop<\/figcaption><\/figure>\n<figure id=\"attachment_672\" aria-describedby=\"caption-attachment-672\" style=\"width: 1260px\" class=\"wp-caption alignnone\"><img loading=\"lazy\" decoding=\"async\" src=\"https:\/\/www.ebiler.dk\/da-dk\/wp-content\/uploads\/2024\/05\/bmw-concept-skytop_07.jpg\" alt=\"\" width=\"1260\" height=\"840\" class=\"size-full wp-image-672\" srcset=\"https:\/\/www.ebiler.dk\/da-dk\/wp-content\/uploads\/2024\/05\/bmw-concept-skytop_07.jpg 1260w, https:\/\/www.ebiler.dk\/da-dk\/wp-content\/uploads\/2024\/05\/bmw-concept-skytop_07-300x200.jpg 300w, https:\/\/www.ebiler.dk\/da-dk\/wp-content\/uploads\/2024\/05\/bmw-concept-skytop_07-1024x683.jpg 1024w, https:\/\/www.ebiler.dk\/da-dk\/wp-content\/uploads\/2024\/05\/bmw-concept-skytop_07-768x512.jpg 768w\" sizes=\"auto, (max-width: 1260px) 100vw, 1260px\" \/><figcaption id=\"caption-attachment-672\" class=\"wp-caption-text\">BMW Concept Skytop<\/figcaption><\/figure>\n<figure id=\"attachment_673\" aria-describedby=\"caption-attachment-673\" style=\"width: 1260px\" class=\"wp-caption alignnone\"><img loading=\"lazy\" decoding=\"async\" src=\"https:\/\/www.ebiler.dk\/da-dk\/wp-content\/uploads\/2024\/05\/bmw-concept-skytop_08.jpg\" alt=\"\" width=\"1260\" height=\"840\" class=\"size-full wp-image-673\" srcset=\"https:\/\/www.ebiler.dk\/da-dk\/wp-content\/uploads\/2024\/05\/bmw-concept-skytop_08.jpg 1260w, https:\/\/www.ebiler.dk\/da-dk\/wp-content\/uploads\/2024\/05\/bmw-concept-skytop_08-300x200.jpg 300w, https:\/\/www.ebiler.dk\/da-dk\/wp-content\/uploads\/2024\/05\/bmw-concept-skytop_08-1024x683.jpg 1024w, https:\/\/www.ebiler.dk\/da-dk\/wp-content\/uploads\/2024\/05\/bmw-concept-skytop_08-768x512.jpg 768w\" sizes=\"auto, (max-width: 1260px) 100vw, 1260px\" \/><figcaption id=\"caption-attachment-673\" class=\"wp-caption-text\">BMW Concept Skytop<\/figcaption><\/figure>\n<figure id=\"attachment_674\" aria-describedby=\"caption-attachment-674\" style=\"width: 1260px\" class=\"wp-caption alignnone\"><img loading=\"lazy\" decoding=\"async\" src=\"https:\/\/www.ebiler.dk\/da-dk\/wp-content\/uploads\/2024\/05\/bmw-concept-skytop_09.jpg\" alt=\"\" width=\"1260\" height=\"840\" class=\"size-full wp-image-674\" srcset=\"https:\/\/www.ebiler.dk\/da-dk\/wp-content\/uploads\/2024\/05\/bmw-concept-skytop_09.jpg 1260w, https:\/\/www.ebiler.dk\/da-dk\/wp-content\/uploads\/2024\/05\/bmw-concept-skytop_09-300x200.jpg 300w, https:\/\/www.ebiler.dk\/da-dk\/wp-content\/uploads\/2024\/05\/bmw-concept-skytop_09-1024x683.jpg 1024w, https:\/\/www.ebiler.dk\/da-dk\/wp-content\/uploads\/2024\/05\/bmw-concept-skytop_09-768x512.jpg 768w\" sizes=\"auto, (max-width: 1260px) 100vw, 1260px\" \/><figcaption id=\"caption-attachment-674\" class=\"wp-caption-text\">BMW Concept Skytop<\/figcaption><\/figure>\n<figure id=\"attachment_675\" aria-describedby=\"caption-attachment-675\" style=\"width: 1260px\" class=\"wp-caption alignnone\"><img loading=\"lazy\" decoding=\"async\" src=\"https:\/\/www.ebiler.dk\/da-dk\/wp-content\/uploads\/2024\/05\/bmw-concept-skytop_10.jpg\" alt=\"\" width=\"1260\" height=\"840\" class=\"size-full wp-image-675\" srcset=\"https:\/\/www.ebiler.dk\/da-dk\/wp-content\/uploads\/2024\/05\/bmw-concept-skytop_10.jpg 1260w, https:\/\/www.ebiler.dk\/da-dk\/wp-content\/uploads\/2024\/05\/bmw-concept-skytop_10-300x200.jpg 300w, https:\/\/www.ebiler.dk\/da-dk\/wp-content\/uploads\/2024\/05\/bmw-concept-skytop_10-1024x683.jpg 1024w, https:\/\/www.ebiler.dk\/da-dk\/wp-content\/uploads\/2024\/05\/bmw-concept-skytop_10-768x512.jpg 768w\" sizes=\"auto, (max-width: 1260px) 100vw, 1260px\" \/><figcaption id=\"caption-attachment-675\" class=\"wp-caption-text\">BMW Concept Skytop<\/figcaption><\/figure>\n<figure id=\"attachment_676\" aria-describedby=\"caption-attachment-676\" style=\"width: 1260px\" class=\"wp-caption alignnone\"><img loading=\"lazy\" decoding=\"async\" src=\"https:\/\/www.ebiler.dk\/da-dk\/wp-content\/uploads\/2024\/05\/bmw-concept-skytop_11.jpg\" alt=\"\" width=\"1260\" height=\"840\" class=\"size-full wp-image-676\" srcset=\"https:\/\/www.ebiler.dk\/da-dk\/wp-content\/uploads\/2024\/05\/bmw-concept-skytop_11.jpg 1260w, https:\/\/www.ebiler.dk\/da-dk\/wp-content\/uploads\/2024\/05\/bmw-concept-skytop_11-300x200.jpg 300w, https:\/\/www.ebiler.dk\/da-dk\/wp-content\/uploads\/2024\/05\/bmw-concept-skytop_11-1024x683.jpg 1024w, https:\/\/www.ebiler.dk\/da-dk\/wp-content\/uploads\/2024\/05\/bmw-concept-skytop_11-768x512.jpg 768w\" sizes=\"auto, (max-width: 1260px) 100vw, 1260px\" \/><figcaption id=\"caption-attachment-676\" class=\"wp-caption-text\">BMW Concept Skytop<\/figcaption><\/figure>\n<figure id=\"attachment_677\" aria-describedby=\"caption-attachment-677\" style=\"width: 1260px\" class=\"wp-caption alignnone\"><img loading=\"lazy\" decoding=\"async\" src=\"https:\/\/www.ebiler.dk\/da-dk\/wp-content\/uploads\/2024\/05\/bmw-concept-skytop_12.jpg\" alt=\"\" width=\"1260\" height=\"840\" class=\"size-full wp-image-677\" srcset=\"https:\/\/www.ebiler.dk\/da-dk\/wp-content\/uploads\/2024\/05\/bmw-concept-skytop_12.jpg 1260w, https:\/\/www.ebiler.dk\/da-dk\/wp-content\/uploads\/2024\/05\/bmw-concept-skytop_12-300x200.jpg 300w, https:\/\/www.ebiler.dk\/da-dk\/wp-content\/uploads\/2024\/05\/bmw-concept-skytop_12-1024x683.jpg 1024w, https:\/\/www.ebiler.dk\/da-dk\/wp-content\/uploads\/2024\/05\/bmw-concept-skytop_12-768x512.jpg 768w\" sizes=\"auto, (max-width: 1260px) 100vw, 1260px\" \/><figcaption id=\"caption-attachment-677\" class=\"wp-caption-text\">BMW Concept Skytop<\/figcaption><\/figure>\n","protected":false},"excerpt":{"rendered":"BMW Group bruger endnu engang kulissen ved Comos\u00f8en til at fremvise en konceptbil. BMW Concept Skytop viser et unikt og eksotisk bildesign, hvor kombinationen af \u00e6stetik og dynamik er p\u00e5 h\u00f8jeste niveau \u2013 og giver referencer til de historiske BMW Z8 og BMW 503.\n","protected":false},"author":2,"featured_media":668,"comment_status":"closed","ping_status":"open","sticky":false,"template":"","format":"standard","meta":{"footnotes":""},"categories":[5],"tags":[],"class_list":{"0":"post-659","1":"post","2":"type-post","3":"status-publish","4":"format-standard","5":"has-post-thumbnail","7":"category-bmw","8":"cs-entry","9":"cs-video-wrap"},"_links":{"self":[{"href":"https:\/\/www.ebiler.dk\/da-dk\/wp-json\/wp\/v2\/posts\/659","targetHints":{"allow":["GET"]}}],"collection":[{"href":"https:\/\/www.ebiler.dk\/da-dk\/wp-json\/wp\/v2\/posts"}],"about":[{"href":"https:\/\/www.ebiler.dk\/da-dk\/wp-json\/wp\/v2\/types\/post"}],"author":[{"embeddable":true,"href":"https:\/\/www.ebiler.dk\/da-dk\/wp-json\/wp\/v2\/users\/2"}],"replies":[{"embeddable":true,"href":"https:\/\/www.ebiler.dk\/da-dk\/wp-json\/wp\/v2\/comments?post=659"}],"version-history":[{"count":0,"href":"https:\/\/www.ebiler.dk\/da-dk\/wp-json\/wp\/v2\/posts\/659\/revisions"}],"wp:featuredmedia":[{"embeddable":true,"href":"https:\/\/www.ebiler.dk\/da-dk\/wp-json\/wp\/v2\/media\/668"}],"wp:attachment":[{"href":"https:\/\/www.ebiler.dk\/da-dk\/wp-json\/wp\/v2\/media?parent=659"}],"wp:term":[{"taxonomy":"category","embeddable":true,"href":"https:\/\/www.ebiler.dk\/da-dk\/wp-json\/wp\/v2\/categories?post=659"},{"taxonomy":"post_tag","embeddable":true,"href":"https:\/\/www.ebiler.dk\/da-dk\/wp-json\/wp\/v2\/tags?post=659"}],"curies":[{"name":"wp","href":"https:\/\/api.w.org\/{rel}","templated":true}]}}