{"id":685,"date":"2024-05-28T22:56:57","date_gmt":"2024-05-28T20:56:57","guid":{"rendered":"https:\/\/www.ebiler.dk\/da-dk\/?p=685"},"modified":"2024-05-28T22:56:57","modified_gmt":"2024-05-28T20:56:57","slug":"volkswagen-udvikler-elbiler-i-mikrobilsklassen-til-150-000-kr","status":"publish","type":"post","link":"https:\/\/www.ebiler.dk\/da-dk\/nyheder\/volkswagen\/volkswagen-udvikler-elbiler-i-mikrobilsklassen-til-150-000-kr\/685\/","title":{"rendered":"Volkswagen udvikler elbiler i mikrobilsklassen til 150.000 kr."},"content":{"rendered":"<p>Direktionen i Volkswagen-koncernen har besluttet at g\u00f8re fuldelektrisk mobilitet i den mindste og mest prisbillige bilklasse mere udbredt. Brand Group Core (VW, Skoda, Seat\/Cupra) vil udvikle \u00f8konomisk overkommelige elbiler i Europa, for Europa.<\/p>\n<p>Volkswagen har i nogen tid arbejdet p\u00e5 at tilbyde kompakte, billige elbiler i prisklassen omkring 20.000 euro (ca. 150.000 kr. red.), og nu er lanceringen af disse planlagt til 2027. P\u00e5 denne m\u00e5de opfylder koncernens volumenm\u00e6rker deres l\u00f8fte om at skabe elektrisk mobilitet for de mange og s\u00e6tter yderligere fart p\u00e5 den elektriske omstilling.<\/p>\n<p>Med sin m\u00e6rkediversitet p\u00e5tager Volkswagen-koncernen sig ogs\u00e5 et socialt ansvar for b\u00e6redygtig mobilitet til en overkommelig pris.<\/p>\n<h3 id=\"oliver-blume-administrerende-direktoer-for-volkswagen-koncernen\">Oliver Blume, administrerende direkt\u00f8r for Volkswagen-koncernen:<\/h3>\n<p>&#8220;Generationer af mennesker forbinder Volkswagen-koncernens st\u00e6rke m\u00e6rker med deres f\u00f8rste bil \u2013 og med mobilitet til en overkommelig pris. Som en koncern med st\u00e6rke brands forts\u00e6tter vi med at p\u00e5tage os dette sociale ansvar den dag i dag. Derfor er jeg meget glad for, at vi nu lancerer et nyt fremtidsorienteret projekt. Det handler om elektrisk mobilitet i den mest prisbillige bilklasse, udviklet i Europa til Europa. Dermed kombinerer vi et klart engagement i Europa som et industriomr\u00e5de, en europ\u00e6isk industripolitik og handler i sidste ende i de europ\u00e6iske kunders interesse.&#8221;<\/p>\n<h3 id=\"thomas-schafer-administrerende-direktoer-for-volkswagen-maerket-og-chef-for-brand-group-core\">Thomas Sch\u00e4fer, administrerende direkt\u00f8r for Volkswagen-m\u00e6rket og chef for Brand Group Core:<\/h3>\n<p>&#8220;Fremtiden er elektrisk. For at elektromobilitet kan blive udbredt, er der behov for attraktive k\u00f8ret\u00f8jer, is\u00e6r i de mest prisbillige bilklasser. Vores m\u00e6rkel\u00f8fte er: elektromobilitet for alle. Dette l\u00f8fte bliver nu opfyldt i Brand Group Core. P\u00e5 trods af den attraktive pris vil vores k\u00f8ret\u00f8jer s\u00e6tte standarder i denne bilklasse med hensyn til teknologi, design, kvalitet og kundeoplevelse. Denne opgave er blevet mere kr\u00e6vende p\u00e5 grund af stigende energi-, materiale- og r\u00e5vareomkostninger. \u00c9n ting st\u00e5r klart: Elektromobilitet fra Europa til Europa kan kun lykkes med politisk st\u00f8tte og konkurrencedygtige rammebetingelser.&#8221;<\/p>\n<p>Volkswagen vil i forbindelse med dette projekt v\u00e6re afh\u00e6ngig af en h\u00f8j grad af lokalisering af forsyningsk\u00e6den i Europa, hvilket igen gavner Europa som industrielt kraftcenter.<\/p>\n<p>En anden fordel: lange transportruter af komponenter reduceres, og dermed undg\u00e5s CO2-forurening.<\/p>\n<p>Det projekt, der nu er besluttet, er endnu en milep\u00e6l p\u00e5 vejen til at udbrede elektromobilitet i Europa.<\/p>\n<p>Brand Core Group arbejder allerede intensivt p\u00e5 &#8220;Electric Urban Car Family&#8221;, der skal resultere i en r\u00e6kke nye elbiler i minibilsklassen til under 25.000 euro med verdenspremiere i slutningen af 2025.<\/p>\n<p>To nye kompakte biler, en fra VW og en fra CUPRA, samt to sm\u00e5 SUV&#8217;er, en hver fra \u0160koda og en fra VW, er planlagt.<\/p>\n<p>Alle fire elbiler vil blive produceret i Spanien.<\/p>\n<p>Med lanceringen af det nye projekt, der skal tilbyde fuldelektrisk mobilitet til 20.000 euro tager Volkswagen-koncernen nu det n\u00e6ste, konsekvente skridt i at g\u00f8re elektrisk mobilitet tilg\u00e6ngelig for de mange.<\/p>\n","protected":false},"excerpt":{"rendered":"Fra Europa, til Europa: Volkswagen-koncernen lufter planer om ny elbil til 20.000 euro. De nye prisbillige elbiler er planlagt til at blive lanceret med start i 2027.\n","protected":false},"author":2,"featured_media":688,"comment_status":"closed","ping_status":"open","sticky":false,"template":"","format":"standard","meta":{"footnotes":""},"categories":[50],"tags":[],"class_list":{"0":"post-685","1":"post","2":"type-post","3":"status-publish","4":"format-standard","5":"has-post-thumbnail","7":"category-volkswagen","8":"cs-entry","9":"cs-video-wrap"},"_links":{"self":[{"href":"https:\/\/www.ebiler.dk\/da-dk\/wp-json\/wp\/v2\/posts\/685","targetHints":{"allow":["GET"]}}],"collection":[{"href":"https:\/\/www.ebiler.dk\/da-dk\/wp-json\/wp\/v2\/posts"}],"about":[{"href":"https:\/\/www.ebiler.dk\/da-dk\/wp-json\/wp\/v2\/types\/post"}],"author":[{"embeddable":true,"href":"https:\/\/www.ebiler.dk\/da-dk\/wp-json\/wp\/v2\/users\/2"}],"replies":[{"embeddable":true,"href":"https:\/\/www.ebiler.dk\/da-dk\/wp-json\/wp\/v2\/comments?post=685"}],"version-history":[{"count":0,"href":"https:\/\/www.ebiler.dk\/da-dk\/wp-json\/wp\/v2\/posts\/685\/revisions"}],"wp:featuredmedia":[{"embeddable":true,"href":"https:\/\/www.ebiler.dk\/da-dk\/wp-json\/wp\/v2\/media\/688"}],"wp:attachment":[{"href":"https:\/\/www.ebiler.dk\/da-dk\/wp-json\/wp\/v2\/media?parent=685"}],"wp:term":[{"taxonomy":"category","embeddable":true,"href":"https:\/\/www.ebiler.dk\/da-dk\/wp-json\/wp\/v2\/categories?post=685"},{"taxonomy":"post_tag","embeddable":true,"href":"https:\/\/www.ebiler.dk\/da-dk\/wp-json\/wp\/v2\/tags?post=685"}],"curies":[{"name":"wp","href":"https:\/\/api.w.org\/{rel}","templated":true}]}}