{"id":8,"date":"2023-11-21T01:46:39","date_gmt":"2023-11-21T00:46:39","guid":{"rendered":"https:\/\/www.ebiler.dk\/da-dk\/?p=8"},"modified":"2024-03-24T03:08:14","modified_gmt":"2024-03-24T02:08:14","slug":"renault-twingo-paa-vej-som-elbil-til-150-000-kr","status":"publish","type":"post","link":"https:\/\/www.ebiler.dk\/da-dk\/nyheder\/renault\/renault-twingo-paa-vej-som-elbil-til-150-000-kr\/8\/","title":{"rendered":"Renault Twingo p\u00e5 vej som elbil til 150.000 kr."},"content":{"rendered":"<p>Renault afsl\u00f8rede den 15. november 2023, en helt ny elektrisk bybil med krystalklare designreferencer til den elskede Renault Twingo fra 1993.<\/p>\n<p>Det kom som lidt af en bombe, da CEO for Renault Group og for gruppens rene elbilsdivision Ampere \u2013 Luca de Meo &#8211; i g\u00e5r afsl\u00f8rede endnu en elbil i det i forvejen st\u00e6rke line up.<\/p>\n<p>Allerede om to \u00e5r er det planen at lancere en 100 % elektrisk Renault Twingo med et udseende, der ligger sig helt op af originalen fra 1993.<\/p>\n<p>En kultbil, der er solgt i mere end 2.5 mio. eksemplarer.<\/p>\n<p>Der er endnu ikke sluppet s\u00e5 meget ud om den elektriske bybil.<\/p>\n<p>Udover, at den bygges p\u00e5 samme platform som de kommende elektriske versioner af Renault 5 og Renault 4.<\/p>\n<p>Derudover slog Luca de Meo fast, at bilen bliver uhyre n\u00f8jsom med str\u00f8mforbruget.<\/p>\n<p>10 kWh\/100 km sender den langt forbi dagens standard.<\/p>\n<p>Samtidig vil den udlede 75 % mindre CO2 end en gennemsnitsbenzinbil anno 2023.<\/p>\n<p>Og s\u00e5 bliver den til at betale. 20.000 Euro bliver den europ\u00e6iske pris.<\/p>\n<p>Og s\u00e5 bliver den naturligvis produceret i Europa \u2013 n\u00e6rmere betegnet i ElectriCity i Frankrig, hvor Renault har fire fabrikker, der skal producere fremtiden elbiler.<\/p>\n","protected":false},"excerpt":{"rendered":"Renault afsl\u00f8rede den 15. november 2023, en helt ny elektrisk bybil med krystalklare designreferencer til den elskede Renault Twingo fra 1993.\n","protected":false},"author":1,"featured_media":9,"comment_status":"closed","ping_status":"open","sticky":false,"template":"","format":"standard","meta":{"footnotes":""},"categories":[52],"tags":[68,85,84],"class_list":{"0":"post-8","1":"post","2":"type-post","3":"status-publish","4":"format-standard","5":"has-post-thumbnail","7":"category-renault","8":"tag-elbiler","9":"tag-renault","10":"tag-renault-twingo","11":"cs-entry","12":"cs-video-wrap"},"_links":{"self":[{"href":"https:\/\/www.ebiler.dk\/da-dk\/wp-json\/wp\/v2\/posts\/8","targetHints":{"allow":["GET"]}}],"collection":[{"href":"https:\/\/www.ebiler.dk\/da-dk\/wp-json\/wp\/v2\/posts"}],"about":[{"href":"https:\/\/www.ebiler.dk\/da-dk\/wp-json\/wp\/v2\/types\/post"}],"author":[{"embeddable":true,"href":"https:\/\/www.ebiler.dk\/da-dk\/wp-json\/wp\/v2\/users\/1"}],"replies":[{"embeddable":true,"href":"https:\/\/www.ebiler.dk\/da-dk\/wp-json\/wp\/v2\/comments?post=8"}],"version-history":[{"count":0,"href":"https:\/\/www.ebiler.dk\/da-dk\/wp-json\/wp\/v2\/posts\/8\/revisions"}],"wp:featuredmedia":[{"embeddable":true,"href":"https:\/\/www.ebiler.dk\/da-dk\/wp-json\/wp\/v2\/media\/9"}],"wp:attachment":[{"href":"https:\/\/www.ebiler.dk\/da-dk\/wp-json\/wp\/v2\/media?parent=8"}],"wp:term":[{"taxonomy":"category","embeddable":true,"href":"https:\/\/www.ebiler.dk\/da-dk\/wp-json\/wp\/v2\/categories?post=8"},{"taxonomy":"post_tag","embeddable":true,"href":"https:\/\/www.ebiler.dk\/da-dk\/wp-json\/wp\/v2\/tags?post=8"}],"curies":[{"name":"wp","href":"https:\/\/api.w.org\/{rel}","templated":true}]}}