{"id":91,"date":"2024-03-23T03:20:31","date_gmt":"2024-03-23T02:20:31","guid":{"rendered":"https:\/\/www.ebiler.dk\/da-dk\/?p=91"},"modified":"2024-03-24T03:36:39","modified_gmt":"2024-03-24T02:36:39","slug":"eon-powergo-og-ewii-skal-drive-ladeparker-ved-lillebaelt","status":"publish","type":"post","link":"https:\/\/www.ebiler.dk\/da-dk\/nyheder\/eon-powergo-og-ewii-skal-drive-ladeparker-ved-lillebaelt\/91\/","title":{"rendered":"E:ON, PowerGo og EWII skal drive ladeparker ved Lilleb\u00e6lt"},"content":{"rendered":"<p>I marts 2023 indviede Vejdirektoratet den f\u00f8rste ladepark langs de danske motorveje. Det foregik p\u00e5 rasteplads Lilleb\u00e6lt Syd p\u00e5 Fyn. Et par m\u00e5neder efter blev der ogs\u00e5 sat str\u00f8m til ladeparken p\u00e5 rasteplads Lilleb\u00e6lt Nord, som ligger p\u00e5 den modsatte side af motorvejen.<\/p>\n<p>De to ladeparker har indtil videre v\u00e6ret drevet af ladeoperat\u00f8ren Clever, men efter at Vejdirektoratet har oph\u00e6vet kontrakten med Clever, har opgaven med at drive ladestanderne v\u00e6ret genudbudt.<\/p>\n<p>Nu er vinderne fundet, og fra sommeren 2024 vil elbilisterne i stedet kunne lade str\u00f8m fra E:ON Drive Infrastructure, PowerGo B.V. og EWII\u2019s ladestandere p\u00e5 de to ladeparker.<\/p>\n<p>F\u00f8r Vejdirektoratet kan skrive kontrakt med ladeoperat\u00f8rerne, skal der overst\u00e5s en s\u00e5kaldte stand still periode, der altid f\u00f8lger efter offentligg\u00f8relsen af tildelingen af en kontrakt p\u00e5 et udbud. Denne periode varer ti kalenderdage.<\/p>\n<h3 id=\"oeget-konkurrence\">\u00d8get konkurrence<\/h3>\n<p>Det er politisk besluttet, at der fremover skal v\u00e6re minimum to ladeoperat\u00f8rer p\u00e5 statslige ladeparker, hvor der er mere end 16 ladepladser. Kravet skal v\u00e6re med til at \u00f8ge konkurrencen.<\/p>\n<p>N\u00e5r de sidste ladepladser \u00e5bner p\u00e5 Lilleb\u00e6lt Nord og Syd, vil der v\u00e6re i alt 30 ladepladser p\u00e5 hver af ladeparkerne.  <\/p>\n<p>\u201dUdbuddet af ladeparkerne er denne gang blevet opdelt i fire delaftaler, s\u00e5 flere operat\u00f8rer har kunnet byde ind p\u00e5, og dermed ogs\u00e5 vinde, opgaven. E:ON Drive Infrastructure, PowerGo B.V. og EWII endte med at l\u00f8be med sejren, og vi gl\u00e6der os til det kommende samarbejde,\u201d siger projektleder Jesper Kaae fra Vejdirektoratet.<\/p>\n<p>Vejdirektoratet sendte driften af de to ladeparker i udbud i begyndelsen af februar 2024. Der er i alt 10 ladeoperat\u00f8rer, der har budt p\u00e5 opgaven med at s\u00e6tte ladestandere op i ladeparkerne p\u00e5 Lilleb\u00e6lt Syd og Lilleb\u00e6lt Nord.<\/p>\n<h3 id=\"fakta-om-ladeparkerne\">Fakta om ladeparkerne<\/h3>\n<p>Der er i \u00f8jeblikket 16 ladepladser i drift p\u00e5 hver af ladeparkerne. De resterende 14 ladepladser var sat til at \u00e5bne i 2025, men i genudbuddet har Vejdirektoratet \u00e5bnet op for, at ladeoprat\u00f8rene selv m\u00e5 vurdere, hvorn\u00e5r de sidste ladepladser skal \u00e5bne. Dog senest i midten af 2026.<\/p>\n<p>Vejdirektoratet oph\u00e6vede kontrakten med Clever i slutningen af 2023. Clever har drevet de to ladeparker midlertidigt og vil forts\u00e6tte med dette, indtil de nye ladeoperat\u00f8rer er p\u00e5 plads.<\/p>\n<p>Ladeparkerne Lilleb\u00e6lt Nord og Syd er etableret med midler fra Infrastrukturplan 2035.<\/p>\n","protected":false},"excerpt":{"rendered":"E:ON Drive Infrastructure, PowerGo B.V. og EWII har vundet Vejdirektoratets udbud og skal fremover drive ladestanderne p\u00e5 rasteplads Lilleb\u00e6lt Nord og Lilleb\u00e6lt Syd langs Fynske Motorvej.\n","protected":false},"author":2,"featured_media":92,"comment_status":"closed","ping_status":"open","sticky":false,"template":"","format":"standard","meta":{"footnotes":""},"categories":[3],"tags":[68],"class_list":{"0":"post-91","1":"post","2":"type-post","3":"status-publish","4":"format-standard","5":"has-post-thumbnail","7":"category-nyheder","8":"tag-elbiler","9":"cs-entry","10":"cs-video-wrap"},"_links":{"self":[{"href":"https:\/\/www.ebiler.dk\/da-dk\/wp-json\/wp\/v2\/posts\/91","targetHints":{"allow":["GET"]}}],"collection":[{"href":"https:\/\/www.ebiler.dk\/da-dk\/wp-json\/wp\/v2\/posts"}],"about":[{"href":"https:\/\/www.ebiler.dk\/da-dk\/wp-json\/wp\/v2\/types\/post"}],"author":[{"embeddable":true,"href":"https:\/\/www.ebiler.dk\/da-dk\/wp-json\/wp\/v2\/users\/2"}],"replies":[{"embeddable":true,"href":"https:\/\/www.ebiler.dk\/da-dk\/wp-json\/wp\/v2\/comments?post=91"}],"version-history":[{"count":0,"href":"https:\/\/www.ebiler.dk\/da-dk\/wp-json\/wp\/v2\/posts\/91\/revisions"}],"wp:featuredmedia":[{"embeddable":true,"href":"https:\/\/www.ebiler.dk\/da-dk\/wp-json\/wp\/v2\/media\/92"}],"wp:attachment":[{"href":"https:\/\/www.ebiler.dk\/da-dk\/wp-json\/wp\/v2\/media?parent=91"}],"wp:term":[{"taxonomy":"category","embeddable":true,"href":"https:\/\/www.ebiler.dk\/da-dk\/wp-json\/wp\/v2\/categories?post=91"},{"taxonomy":"post_tag","embeddable":true,"href":"https:\/\/www.ebiler.dk\/da-dk\/wp-json\/wp\/v2\/tags?post=91"}],"curies":[{"name":"wp","href":"https:\/\/api.w.org\/{rel}","templated":true}]}}